{"id":10014,"date":"2024-11-23T09:44:47","date_gmt":"2024-11-23T09:44:47","guid":{"rendered":"https:\/\/247stiri.ro\/index.php\/2024\/11\/23\/angela-merkel-si-a-exprimat-ingrijorarea-cu-privire-la-rolul-lui-elon-musk-in-guvernul-sua\/"},"modified":"2024-11-23T09:44:47","modified_gmt":"2024-11-23T09:44:47","slug":"angela-merkel-si-a-exprimat-ingrijorarea-cu-privire-la-rolul-lui-elon-musk-in-guvernul-sua","status":"publish","type":"post","link":"https:\/\/247stiri.ro\/index.php\/2024\/11\/23\/angela-merkel-si-a-exprimat-ingrijorarea-cu-privire-la-rolul-lui-elon-musk-in-guvernul-sua\/","title":{"rendered":"Angela Merkel \u0219i-a exprimat \u00eengrijorarea cu privire la rolul lui Elon Musk \u00een guvernul SUA"},"content":{"rendered":"<p>Fostul cancelar german, care \u00een timpul primului mandat al lui Trump a primit din partea unor observatori denumirea de \u201elider al lumii libere\u201d rezervat\u0103 de obicei pre\u015fedin\u0163ilor americani, a declarat c\u0103 cei 16 ani la putere au \u00eenv\u0103\u0163at-o c\u0103 interesele politice \u015fi de afaceri trebuie s\u0103 fie men\u0163inute \u00eentr-un echilibru fin.<\/p>\n<p>\u00centrebat\u0103 de revista Der Spiegel \u00eentr-un interviu dac\u0103 provocarea reprezentat\u0103 de Trump a crescut de la prima sa alegere \u00een 2016, Merkel a r\u0103spuns: \u201eExist\u0103 acum o alian\u0163\u0103 vizibil\u0103 \u00eentre el \u015fi marile companii din Silicon Valley, care au o putere enorm\u0103 prin capital\u201d.<\/p>\n<p>Musk, care \u00eel consiliaz\u0103 pe Trump \u00een al doilea mandat, a fost \u00eens\u0103rcinat de pre\u015fedintele ales s\u0103 conduc\u0103, \u00eempreun\u0103 cu Vivek Ramaswamy, un departament nou creat pentru eficien\u0163a guvernamental\u0103. Merkel a declarat c\u0103 \u00eencurc\u0103turile financiare ale \u015fefului SpaceX \u015fi Tesla au f\u0103cut o astfel de numire extrem de problematic\u0103.<\/p>\n<p>\u201eDac\u0103 o persoan\u0103 ca el este proprietarul a 60% din to\u0163i sateli\u0163ii care orbiteaz\u0103 \u00een spa\u0163iu, atunci aceasta trebuie s\u0103 fie o preocupare uria\u015f\u0103 pentru noi, \u00eempreun\u0103 cu problemele politice\u201d, a spus ea. \u201ePolitica trebuie s\u0103 determine echilibrul social dintre cei puternici \u015fi cet\u0103\u0163enii normali\u201d.<\/p>\n<p>Ea a spus c\u0103 unul dintre reperele care diferen\u0163iaz\u0103 societ\u0103\u0163ile libere este controlul clar al puterii corpora\u0163iilor \u015fi al influen\u0163ei ultra-boga\u0163ilor. \u201e\u00centr-o democra\u0163ie, politica nu este niciodat\u0103 neputincioas\u0103 \u00een fa\u0163a companiilor\u201d, a spus ea.<\/p>","protected":false},"excerpt":{"rendered":"<p>Fostul cancelar german, care \u00een timpul primului mandat al lui Trump a primit din partea&hellip;<\/p>\n","protected":false},"author":0,"featured_media":10015,"comment_status":"open","ping_status":"open","sticky":false,"template":"","format":"standard","meta":{"footnotes":""},"categories":[4],"tags":[],"class_list":["post-10014","post","type-post","status-publish","format-standard","has-post-thumbnail","hentry","category-extern"],"_links":{"self":[{"href":"https:\/\/247stiri.ro\/index.php\/wp-json\/wp\/v2\/posts\/10014","targetHints":{"allow":["GET"]}}],"collection":[{"href":"https:\/\/247stiri.ro\/index.php\/wp-json\/wp\/v2\/posts"}],"about":[{"href":"https:\/\/247stiri.ro\/index.php\/wp-json\/wp\/v2\/types\/post"}],"replies":[{"embeddable":true,"href":"https:\/\/247stiri.ro\/index.php\/wp-json\/wp\/v2\/comments?post=10014"}],"version-history":[{"count":0,"href":"https:\/\/247stiri.ro\/index.php\/wp-json\/wp\/v2\/posts\/10014\/revisions"}],"wp:featuredmedia":[{"embeddable":true,"href":"https:\/\/247stiri.ro\/index.php\/wp-json\/wp\/v2\/media\/10015"}],"wp:attachment":[{"href":"https:\/\/247stiri.ro\/index.php\/wp-json\/wp\/v2\/media?parent=10014"}],"wp:term":[{"taxonomy":"category","embeddable":true,"href":"https:\/\/247stiri.ro\/index.php\/wp-json\/wp\/v2\/categories?post=10014"},{"taxonomy":"post_tag","embeddable":true,"href":"https:\/\/247stiri.ro\/index.php\/wp-json\/wp\/v2\/tags?post=10014"}],"curies":[{"name":"wp","href":"https:\/\/api.w.org\/{rel}","templated":true}]}}