{"id":10016,"date":"2024-11-23T09:44:48","date_gmt":"2024-11-23T09:44:48","guid":{"rendered":"https:\/\/247stiri.ro\/index.php\/2024\/11\/23\/apel-la-mobilizare-in-sedinta-pnl-nicolae-ciuca-la-lupta-oameni-buni-e-momentul-adevarului-surse\/"},"modified":"2024-11-23T09:44:48","modified_gmt":"2024-11-23T09:44:48","slug":"apel-la-mobilizare-in-sedinta-pnl-nicolae-ciuca-la-lupta-oameni-buni-e-momentul-adevarului-surse","status":"publish","type":"post","link":"https:\/\/247stiri.ro\/index.php\/2024\/11\/23\/apel-la-mobilizare-in-sedinta-pnl-nicolae-ciuca-la-lupta-oameni-buni-e-momentul-adevarului-surse\/","title":{"rendered":"Apel la mobilizare \u00een \u0219edin\u021ba PNL. Nicolae Ciuc\u0103:  La lupt\u0103, oameni buni, e momentul adev\u0103rului! &#8211; SURSE"},"content":{"rendered":"<p>Nicolae Ciuc\u0103:\u00a0La lupt\u0103 oameni buni, e momentul adev\u0103rului.\u00a0Urm\u0103toarele dou\u0103 zile sunt cruciale. Va rezulta clar momentul adev\u0103rului pentru PNL\u00a0<\/p>\n<p>Priumul apel la mobilizare exemplar\u0103 a fost f\u0103cut chiar de liderul PNL.<\/p>\n<p>&#8222;Atunci c\u00e2nd a fost mai greu, PNL s-a mobilizat. Am reu\u0219it s\u0103 onor\u0103m fiecare eveniment de campanie, c\u0103 a fost la nivel de filial\u0103, regional sau na\u021bional \u0219i v\u0103 mul\u021bumesc pentru implicare, organizare \u0219i tot ce a \u00eensemnat comunicarea PNL.<\/p>\n<p>PNL a fost singurul care \u00een aceast\u0103 campanie \u0219i-a asumat o campanie pe toate liniile, \u0219i online, \u0219i de la u\u0219\u0103 la u\u0219\u0103, \u0219i de la scar\u0103 de bloc, \u0219i pe strad\u0103, a avut curajul s\u0103 adune oamenii laolalt\u0103, s\u0103 \u00eei adune, s\u0103 se deschid\u0103 c\u0103tre pres\u0103. Nu am avut nimic de ascuns, nu ne-a fost fric\u0103 de oameni. PNL \u0219i-a asumat guvernarea \u00een cele mai dificile momente postdecembriste. Am performat, s-a putut distinge foarte clar diferen\u021ba dintre ce a \u00eensemnat asigurarea leadershipului guvernamental din partea PNL \u0219i ce ne va l\u0103sa PSD nu peste mult timp, c\u00e2nd nu va mai fi la guvernare.<\/p>\n<p>Cred foarte mult c\u0103 PNL are puterea, for\u021ba s\u0103 c\u00e2\u0219tige alegerile, s\u0103 mergem \u00een turul al doilea, s\u0103 guvern\u0103m \u021bara.<\/p>\n<p>F\u0103r\u0103 PNL la guvernare nu \u0219tiu \u00een ce direc\u021bie va apuca Rom\u00e2nia, pornind de la situa\u021bia economic\u0103 intern\u0103, dar \u0219i p\u00e2n\u0103 la contextul interna\u021bional. Avem nevoie de oameni serio\u0219i, competen\u021bi, care \u0219tiu ce au de f\u0103cut cu deciziile serioase la nivel guvernamental. A\u0219a cum am cunoscut eu politica \u00een ultimii ani, nu v\u0103d alt partid care s\u0103 vin\u0103 cu oameni competen\u021bi, cu viziune, care s\u0103 \u00ee\u0219i asume aceast\u0103 responsabilitate. E vorba de PNL, e vorba de Rom\u00e2nia.<\/p>\n<p>Dac\u0103 am demonstrat c\u0103 putem s\u0103 ne organiz\u0103m pentru campanie, s\u0103 avem dialog deschis c\u0103tre inima oamenilor, oamenii au venit c\u0103tre noi cu speran\u021b\u0103 \u0219i \u00eencredere. Pentru azi, m\u00e2ine e nevoie de \u00eencrederea \u00een noi. Noi propov\u0103duim PRIN NOI \u00ceN\u0218INE, atunci s\u0103 \u00eel demonstr\u0103m pornind de la \u00eencrederea \u00een noi. S\u0103 inspir\u0103m \u00eencredere c\u0103tre rom\u00e2ni, angajament, responsabilitate. Sunt convins c\u0103 nu avem a ne teme.\u00a0<\/p>\n<p>Am putut s\u0103 vedem \u0219i s\u0103 resim\u021bim aceast\u0103 campanie murdar\u0103. A fost o campanie care nu a fost bazat\u0103 pe niciun fel de proiect, linie de angajare. Singurul care a avut un proiect preziden\u021bial \u0219i un proiect guvernamental, ambele solide, a fost PNL.<\/p>\n<p>Totul a fost pe atacul asupra noastr\u0103 cu mizerii, manipulare, inducere \u00een eroare, team\u0103. Sondaje mincinoase. Dar ele nu pot bate mobilizarea PNL.<\/p>\n<p>Alegerile se c\u00e2\u0219tig\u0103 pe competen\u021b\u0103, resposabilitate, nu team\u0103 \u0219i emo\u021bie. De aceea, azi \u0219i m\u00e2ine e nevoie s\u0103 l\u0103s\u0103m deoparte toate aceste fake-news-uri, toate aceste sondaje care nu au vrut altceva dec\u00e2t s\u0103 abat\u0103 percep\u021bia oamenilor de la ce \u00eenseamn\u0103 PNL. Vin partide care au 8% la nivel de \u021bar\u0103 s\u0103 ne spun\u0103 c\u0103 ei c\u00e2\u0219tig\u0103 alegerile. Cu cine? Cu cineva care habar nu are. Nu e vina lor, e vina celor care i-au dus acolo.<\/p>\n<p>Nu exist\u0103 alte partide politice care s\u0103 aib\u0103 for\u021b\u0103 intern\u0103, capacitate de organizare \u0219i mobilizare. Pe dreapta este PNL.<\/p>\n<p>Haide\u021bi s\u0103 facem acest ultim efort, de mobilizare. S\u0103 avem dialog cu primarii. S\u0103 mai explic\u0103m, dac\u0103 e nevoie, importan\u021ba vital\u0103 a momentului. \u0218i s\u0103 ne atingem obiectivul.<\/p>\n<p>Ce se \u00eent\u00e2mpl\u0103 dup\u0103 aceste alegeri e asumare \u0219i responsabilitate. Pentru cei 1146 primari, 12 pre\u0219edin\u021bi de CJ, 12.000 de consilieri locali, 350 consilieri jude\u021beni, plus organizarea partidului \u0219i cet\u0103\u021beni: haide\u021bi s\u0103 demonstr\u0103m c\u0103 \u00eentr-adev\u0103r suntem partidul cu cea mai lung\u0103 istorie, partidul care a modernizat cu adev\u0103rat Rom\u00e2nia \u0219i partidul care a f\u0103cut istorie pentru Rom\u00e2nia.\u00a0<\/p>\n<p>Anul viitor vom s\u0103rb\u0103tori 150 de ani din lumina istoriei \u0219i nu din umbra ei.<\/p>\n<p>Eu am mare \u00eencredere \u00een dumneavoastr\u0103. V-am v\u0103zut \u00een fiecare filial\u0103, la regionale, am v\u0103zut oamenii. Dincolo de rela\u021bia noastr\u0103, oamenii care au venit acolo au dat poza real\u0103 a energiei din fiecare filial\u0103 \u0219i din partid.\u00a0<\/p>\n<p>De aceea, v\u0103 spun tuturor colegilor, la lupt\u0103, oameni buni!&#8221; a \u00eendemnat\u00a0 Nicolae Ciuc\u0103, potrivit surselor din partid.<\/p>\n<p>\u0218edin\u021b\u0103 de mobilizare la PNL, Lucian Bode optimist: Nicolae Ciuc\u0103 va lua un scor peste a\u0219tept\u0103ri\u00a0<\/p>\n<p>\u0218i secretarul general al PNL, Lucian Bode, a lansat un apel asem\u0103n\u0103tor, fiind convins de succes.<\/p>\n<p>&#8222;Rezultatul de m\u00e2ine depinde doar de noi. A fost o campanie \u00een care v-a\u021bi mobilizat foarte bine. Urmeaz\u0103 momentul adev\u0103rului, momementul de mobilizare la vot.<\/p>\n<p>La cele patru regionale de la Ia\u0219i, Timi\u0219oara, Cluj Napoca \u0219i \u00a0Craiova, au fost peste 25.000 participan\u021bi. Au fost sute de \u00eent\u00e2lniri \u00een Bucure\u0219ti \u0219i \u00een toat\u0103 \u021bara. De la Boto\u0219ani la Craiova, de la Cluj la Constan\u021ba, peste tot \u00a0oamenii ne-au primit cu \u00eencredere. Toate ac\u021biunile ne-au consolidat pozi\u021bia pentru c\u00e2\u0219tigarea acestor alegeri.<\/p>\n<p>Am \u00eencredere c\u0103 putem ob\u021bine un scor cum nu se a\u0219teapt\u0103 nimeni, a\u0219a cum a fost \u0219i la alegerile locale.<\/p>\n<p>E momentul s\u0103 arat\u0103m ce \u00eenseamn\u0103 mobilizarea si organizarea PNL&#8221;, a declarat Bode.<\/p>","protected":false},"excerpt":{"rendered":"<p>Nicolae Ciuc\u0103:\u00a0La lupt\u0103 oameni buni, e momentul adev\u0103rului.\u00a0Urm\u0103toarele dou\u0103 zile sunt cruciale. Va rezulta clar&hellip;<\/p>\n","protected":false},"author":0,"featured_media":10017,"comment_status":"open","ping_status":"open","sticky":false,"template":"","format":"standard","meta":{"footnotes":""},"categories":[3],"tags":[],"class_list":["post-10016","post","type-post","status-publish","format-standard","has-post-thumbnail","hentry","category-politica"],"_links":{"self":[{"href":"https:\/\/247stiri.ro\/index.php\/wp-json\/wp\/v2\/posts\/10016","targetHints":{"allow":["GET"]}}],"collection":[{"href":"https:\/\/247stiri.ro\/index.php\/wp-json\/wp\/v2\/posts"}],"about":[{"href":"https:\/\/247stiri.ro\/index.php\/wp-json\/wp\/v2\/types\/post"}],"replies":[{"embeddable":true,"href":"https:\/\/247stiri.ro\/index.php\/wp-json\/wp\/v2\/comments?post=10016"}],"version-history":[{"count":0,"href":"https:\/\/247stiri.ro\/index.php\/wp-json\/wp\/v2\/posts\/10016\/revisions"}],"wp:featuredmedia":[{"embeddable":true,"href":"https:\/\/247stiri.ro\/index.php\/wp-json\/wp\/v2\/media\/10017"}],"wp:attachment":[{"href":"https:\/\/247stiri.ro\/index.php\/wp-json\/wp\/v2\/media?parent=10016"}],"wp:term":[{"taxonomy":"category","embeddable":true,"href":"https:\/\/247stiri.ro\/index.php\/wp-json\/wp\/v2\/categories?post=10016"},{"taxonomy":"post_tag","embeddable":true,"href":"https:\/\/247stiri.ro\/index.php\/wp-json\/wp\/v2\/tags?post=10016"}],"curies":[{"name":"wp","href":"https:\/\/api.w.org\/{rel}","templated":true}]}}