{"id":10038,"date":"2024-11-23T10:44:44","date_gmt":"2024-11-23T10:44:44","guid":{"rendered":"https:\/\/247stiri.ro\/index.php\/2024\/11\/23\/cum-iti-dai-seama-ca-imbatranesti-mai-repede-decat-ar-fi-normal-ce-spun-medicii\/"},"modified":"2024-11-23T10:44:44","modified_gmt":"2024-11-23T10:44:44","slug":"cum-iti-dai-seama-ca-imbatranesti-mai-repede-decat-ar-fi-normal-ce-spun-medicii","status":"publish","type":"post","link":"https:\/\/247stiri.ro\/index.php\/2024\/11\/23\/cum-iti-dai-seama-ca-imbatranesti-mai-repede-decat-ar-fi-normal-ce-spun-medicii\/","title":{"rendered":"Cum \u00ee\u0163i dai seama c\u0103 \u00eemb\u0103tr\u00e2ne\u015fti mai repede dec\u00e2t ar fi normal? Ce spun medicii"},"content":{"rendered":"<p>Corpurile noastre \u00eemb\u0103tr\u00e2nesc \u00een mod natural, dar, \u00een cazul unora dintre noi, \u00eemb\u0103tr\u00e2nirea prematur\u0103 este gr\u0103bit\u0103 de alegerile pe care le facem zi de zi. Vezi care sunt semnele c\u0103 s-ar putea s\u0103 \u00eemb\u0103tr\u00e2ne\u0219ti mai repede dec\u00e2t ar fi normal!<\/p>\n<p>Observi o c\u0103dere accentuat\u0103 a p\u0103rului<\/p>\n<p>Este normal ca p\u0103rul s\u0103 \u00eenc\u0103run\u0163easc\u0103, s\u0103 ai fire mai sub\u021biri pe m\u0103sur\u0103 ce \u00eemb\u0103tr\u00e2ne\u015fti, dar stresul poate face ca procesul s\u0103 fie accelerat. P\u0103rul poate s\u0103 treac\u0103 mai repede la faza de c\u0103dere. Dup\u0103 un eveniment stresant, poate dura \u015fi c\u00e2teva luni aceast\u0103 piedere a podoabei capilare. Cel pu\u0163in aceasta sus\u0163ine dr. Adam Friedman, dermatolog \u0219i profesor la George Washington School of Medicine, conform Today.<\/p>\n<p>Ai tulbur\u0103ri de somn<\/p>\n<p>Problemele legate de somn accelereaz\u0103 \u00eemb\u0103tr\u00e2nirea creierului. \u201e\u00cemb\u0103tr\u00e2nirea creierului este descris\u0103 de interac\u021biunea dintre modelele noastre de somn \u0219i modific\u0103rile abilit\u0103\u021bilor creierului de \u00eendep\u0103rtare a informa\u0163iilor care nu ne sunt necesare\u201d, a declat medicul Melanie Keller, pentru Best Life, \u015fi a ad\u0103ugat: \u201eSomnul insuficient poate explica un mecanism care st\u0103 la baza \u00eemb\u0103tr\u00e2nirii creierului\u201d.<\/p>\n<p>Cite\u0219te continuarea <a href=\"https:\/\/clickpentrufemei.ro\/lifestyle\/ingrijire-personala\/cum-iti-dai-seama-ca-imbatranesti-mai-repede-decat-2402945.html\" target=\"_blank\">aici<\/a>.<\/p>","protected":false},"excerpt":{"rendered":"<p>Corpurile noastre \u00eemb\u0103tr\u00e2nesc \u00een mod natural, dar, \u00een cazul unora dintre noi, \u00eemb\u0103tr\u00e2nirea prematur\u0103 este&hellip;<\/p>\n","protected":false},"author":0,"featured_media":10039,"comment_status":"open","ping_status":"open","sticky":false,"template":"","format":"standard","meta":{"footnotes":""},"categories":[8],"tags":[],"class_list":["post-10038","post","type-post","status-publish","format-standard","has-post-thumbnail","hentry","category-lifestyle"],"_links":{"self":[{"href":"https:\/\/247stiri.ro\/index.php\/wp-json\/wp\/v2\/posts\/10038","targetHints":{"allow":["GET"]}}],"collection":[{"href":"https:\/\/247stiri.ro\/index.php\/wp-json\/wp\/v2\/posts"}],"about":[{"href":"https:\/\/247stiri.ro\/index.php\/wp-json\/wp\/v2\/types\/post"}],"replies":[{"embeddable":true,"href":"https:\/\/247stiri.ro\/index.php\/wp-json\/wp\/v2\/comments?post=10038"}],"version-history":[{"count":0,"href":"https:\/\/247stiri.ro\/index.php\/wp-json\/wp\/v2\/posts\/10038\/revisions"}],"wp:featuredmedia":[{"embeddable":true,"href":"https:\/\/247stiri.ro\/index.php\/wp-json\/wp\/v2\/media\/10039"}],"wp:attachment":[{"href":"https:\/\/247stiri.ro\/index.php\/wp-json\/wp\/v2\/media?parent=10038"}],"wp:term":[{"taxonomy":"category","embeddable":true,"href":"https:\/\/247stiri.ro\/index.php\/wp-json\/wp\/v2\/categories?post=10038"},{"taxonomy":"post_tag","embeddable":true,"href":"https:\/\/247stiri.ro\/index.php\/wp-json\/wp\/v2\/tags?post=10038"}],"curies":[{"name":"wp","href":"https:\/\/api.w.org\/{rel}","templated":true}]}}