{"id":10052,"date":"2024-11-23T10:44:47","date_gmt":"2024-11-23T10:44:47","guid":{"rendered":"https:\/\/247stiri.ro\/index.php\/2024\/11\/23\/alegeri-prezidentiale-2024-cum-se-modifica-programul-scolilor-in-ce-situatii-nu-se-vor-face-cursuri-luni\/"},"modified":"2024-11-23T10:44:47","modified_gmt":"2024-11-23T10:44:47","slug":"alegeri-prezidentiale-2024-cum-se-modifica-programul-scolilor-in-ce-situatii-nu-se-vor-face-cursuri-luni","status":"publish","type":"post","link":"https:\/\/247stiri.ro\/index.php\/2024\/11\/23\/alegeri-prezidentiale-2024-cum-se-modifica-programul-scolilor-in-ce-situatii-nu-se-vor-face-cursuri-luni\/","title":{"rendered":"Alegeri preziden\u021biale 2024 &#8211; Cum se modific\u0103 programul \u0219colilor? \u00cen ce situa\u021bii nu se vor face cursuri luni"},"content":{"rendered":"<p>&#8222;\u00cen zilele de luni, doar \u00een situa\u021bii excep\u021bionale, unit\u0103\u021bile de \u00eenv\u0103\u021b\u0103m\u00e2nt pot aproba modific\u0103ri de program (ex.: decalarea orei de \u00eencepere a programului), \u00een func\u021bie de situa\u021bia specific\u0103 de la nivelul fiec\u0103rei \u0219coli. Eventualele situa\u021bii de acest tip vor fi comunicate cu celeritate inspectoratelor \u0219colare jude\u021bene.<\/p>\n<p>\u00cen zilele de luni nu se recomand\u0103 suspendarea cursurilor dec\u00e2t \u00een situa\u021bii care nu permit derularea procesului educa\u021bional \u00een condi\u021bii de siguran\u021b\u0103 \u0219i cu aprobarea prealabil\u0103 a inspectorului \u0219colar general\u201d, a transmis Ministerul Educa\u021biei.\u00a0<\/p>\n<p>Orice modificare de program va fi comunicat\u0103 \u00een cel mai scurt timp p\u0103rin\u021bilor \u0219i elevilor. P\u0103rin\u021bii sunt sf\u0103tui\u021bi s\u0103 se intereseze \u0219i ei privind eventuale modific\u0103ri ale programului cursurilor pentru ziua de luni, 25 noiembrie.\u00a0<\/p>","protected":false},"excerpt":{"rendered":"<p>&#8222;\u00cen zilele de luni, doar \u00een situa\u021bii excep\u021bionale, unit\u0103\u021bile de \u00eenv\u0103\u021b\u0103m\u00e2nt pot aproba modific\u0103ri de&hellip;<\/p>\n","protected":false},"author":0,"featured_media":10053,"comment_status":"open","ping_status":"open","sticky":false,"template":"","format":"standard","meta":{"footnotes":""},"categories":[3],"tags":[],"class_list":["post-10052","post","type-post","status-publish","format-standard","has-post-thumbnail","hentry","category-politica"],"_links":{"self":[{"href":"https:\/\/247stiri.ro\/index.php\/wp-json\/wp\/v2\/posts\/10052","targetHints":{"allow":["GET"]}}],"collection":[{"href":"https:\/\/247stiri.ro\/index.php\/wp-json\/wp\/v2\/posts"}],"about":[{"href":"https:\/\/247stiri.ro\/index.php\/wp-json\/wp\/v2\/types\/post"}],"replies":[{"embeddable":true,"href":"https:\/\/247stiri.ro\/index.php\/wp-json\/wp\/v2\/comments?post=10052"}],"version-history":[{"count":0,"href":"https:\/\/247stiri.ro\/index.php\/wp-json\/wp\/v2\/posts\/10052\/revisions"}],"wp:featuredmedia":[{"embeddable":true,"href":"https:\/\/247stiri.ro\/index.php\/wp-json\/wp\/v2\/media\/10053"}],"wp:attachment":[{"href":"https:\/\/247stiri.ro\/index.php\/wp-json\/wp\/v2\/media?parent=10052"}],"wp:term":[{"taxonomy":"category","embeddable":true,"href":"https:\/\/247stiri.ro\/index.php\/wp-json\/wp\/v2\/categories?post=10052"},{"taxonomy":"post_tag","embeddable":true,"href":"https:\/\/247stiri.ro\/index.php\/wp-json\/wp\/v2\/tags?post=10052"}],"curies":[{"name":"wp","href":"https:\/\/api.w.org\/{rel}","templated":true}]}}