{"id":10098,"date":"2024-11-23T12:45:10","date_gmt":"2024-11-23T12:45:10","guid":{"rendered":"https:\/\/247stiri.ro\/index.php\/2024\/11\/23\/alerta-la-granita-ucrainei-cu-polonia-fermierii-polonezi-blocheaza-un-punct-de-frontiera-video\/"},"modified":"2024-11-23T12:45:10","modified_gmt":"2024-11-23T12:45:10","slug":"alerta-la-granita-ucrainei-cu-polonia-fermierii-polonezi-blocheaza-un-punct-de-frontiera-video","status":"publish","type":"post","link":"https:\/\/247stiri.ro\/index.php\/2024\/11\/23\/alerta-la-granita-ucrainei-cu-polonia-fermierii-polonezi-blocheaza-un-punct-de-frontiera-video\/","title":{"rendered":"Alert\u0103 la grani\u021ba Ucrainei cu Polonia. Fermierii polonezi blocheaz\u0103 un punct de frontier\u0103 &#8211; VIDEO"},"content":{"rendered":"<p>La punctul de trecere a frontierei Medyka (sud-est), aproximativ treizeci de protestatari au \u00eempiedicat intrarea camioanelor \u00een Polonia. Un camion pe or\u0103 este autorizat s\u0103 p\u0103r\u0103seasc\u0103 Polonia pentru Ucraina. Blocajul nu se aplic\u0103 ma\u015finilor, autobuzelor, transportului umanitar \u015fi militar., relateaz\u0103 AFP, potrivit news.ro.<\/p>\n<p>\u00a0<\/p>\n<p>In the morning, Polish farmers started blocking the &#8222;Medyka-Sheghini&#8221; checkpoint and are not allowing trucks from Ukraine to pass, \u2014 RMF24However, only one truck per hour is allowed from Poland to Ukraine. <a href=\"https:\/\/t.co\/7FbwHi6aBl\">pic.twitter.com\/7FbwHi6aBl<\/a><\/p>\n<p>\u2014 J\u00fcrgen Nauditt \ud83c\udde9\ud83c\uddea\ud83c\uddfa\ud83c\udde6 (@jurgen_nauditt) <a href=\"https:\/\/twitter.com\/jurgen_nauditt\/status\/1860260510307930128?ref_src=twsrc%5Etfw\">November 23, 2024<\/a><\/p>\n<p>\u00a0<\/p>\n<p>\u00a0<\/p>\n<p>Protestatarii critic\u0103 guvernul pentru c\u0103 nu \u015fi-a respectat promisiunile privind taxele pentru fermieri. \u201eAvem permisiunea de a protesta p\u00e2n\u0103 la sf\u00e2r\u015fitul anului, dar m\u00e2ine ne a\u015ftept\u0103m ca ministrul s\u0103 vin\u0103 \u015fi s\u0103 discute cu noi. Pentru moment, nu dorim s\u0103 ne prelungim protestul\u201d, a declarat pentru AFP Roman Kondrow.<\/p>\n<p>Blocajul are loc la exact un an de la primele blocaje la frontier\u0103 ale agricultorilor polonezi care protestau fa\u0163\u0103 de intrarea produselor alimentare ucrainene \u00een \u0163ara lor. Aceste importuri au fost liberalizate \u00een 2022 de c\u0103tre Bruxelles, ceea ce a dus la perturb\u0103ri pe pie\u0163ele agricole \u015fi alimentare din Polonia \u015fi din alte \u0163\u0103ri din regiune.<\/p>","protected":false},"excerpt":{"rendered":"<p>La punctul de trecere a frontierei Medyka (sud-est), aproximativ treizeci de protestatari au \u00eempiedicat intrarea&hellip;<\/p>\n","protected":false},"author":0,"featured_media":10099,"comment_status":"open","ping_status":"open","sticky":false,"template":"","format":"standard","meta":{"footnotes":""},"categories":[4],"tags":[],"class_list":["post-10098","post","type-post","status-publish","format-standard","has-post-thumbnail","hentry","category-extern"],"_links":{"self":[{"href":"https:\/\/247stiri.ro\/index.php\/wp-json\/wp\/v2\/posts\/10098","targetHints":{"allow":["GET"]}}],"collection":[{"href":"https:\/\/247stiri.ro\/index.php\/wp-json\/wp\/v2\/posts"}],"about":[{"href":"https:\/\/247stiri.ro\/index.php\/wp-json\/wp\/v2\/types\/post"}],"replies":[{"embeddable":true,"href":"https:\/\/247stiri.ro\/index.php\/wp-json\/wp\/v2\/comments?post=10098"}],"version-history":[{"count":0,"href":"https:\/\/247stiri.ro\/index.php\/wp-json\/wp\/v2\/posts\/10098\/revisions"}],"wp:featuredmedia":[{"embeddable":true,"href":"https:\/\/247stiri.ro\/index.php\/wp-json\/wp\/v2\/media\/10099"}],"wp:attachment":[{"href":"https:\/\/247stiri.ro\/index.php\/wp-json\/wp\/v2\/media?parent=10098"}],"wp:term":[{"taxonomy":"category","embeddable":true,"href":"https:\/\/247stiri.ro\/index.php\/wp-json\/wp\/v2\/categories?post=10098"},{"taxonomy":"post_tag","embeddable":true,"href":"https:\/\/247stiri.ro\/index.php\/wp-json\/wp\/v2\/tags?post=10098"}],"curies":[{"name":"wp","href":"https:\/\/api.w.org\/{rel}","templated":true}]}}