{"id":10158,"date":"2024-11-23T14:45:08","date_gmt":"2024-11-23T14:45:08","guid":{"rendered":"https:\/\/247stiri.ro\/index.php\/2024\/11\/23\/florin-piersic-reactie-emotionanta-dupa-moartea-lui-gabriel-cotabita-greu-an-a-fost-si-inca-mai-este\/"},"modified":"2024-11-23T14:45:08","modified_gmt":"2024-11-23T14:45:08","slug":"florin-piersic-reactie-emotionanta-dupa-moartea-lui-gabriel-cotabita-greu-an-a-fost-si-inca-mai-este","status":"publish","type":"post","link":"https:\/\/247stiri.ro\/index.php\/2024\/11\/23\/florin-piersic-reactie-emotionanta-dupa-moartea-lui-gabriel-cotabita-greu-an-a-fost-si-inca-mai-este\/","title":{"rendered":"Florin Piersic, reac\u021bie emo\u021bionant\u0103 dup\u0103 moartea lui Gabriel Cotabi\u021b\u0103: \u201eGreu an a fost \u0219i \u00eenc\u0103 mai este\u201d"},"content":{"rendered":"<p>\u201eNu e adev\u0103rat! Nu se poate!\u201d, a fost reac\u021bia spontan\u0103 a lui Florin Piersic, vizibil marcat de vestea tragic\u0103. Actorul a vorbit despre amintirile de neuitat pe care le are cu Gabriel Cotabi\u021b\u0103, aduc\u00e2nd \u00een prim-plan o \u00eent\u00e2mplare special\u0103 care i-a r\u0103mas \u00eentip\u0103rit\u0103 \u00een suflet: \u201eGreu an a fost \u0219i \u00eenc\u0103 mai este \u0219i iat\u0103 c\u0103, \u00een aceast\u0103 lun\u0103 trist\u0103 de noiembrie \u00eentunecat, pe tine, dragul meu prieten Gabi Cotabi\u021b\u0103, te-au chemat \u00eengerii. Multe am tr\u0103it \u00een via\u021b\u0103, dar una din amintirile care nu mi s-au \u0219ters niciodat\u0103 este c\u0103l\u0103toria noastr\u0103 \u00eempreun\u0103 la un spectacol la Hunedoara, c\u00e2nd \u00een ma\u0219in\u0103 mi-ai pus s\u0103 ascult pentru prima dat\u0103 minunata ta pies\u0103 &#8222;Sunt doar un simplu trec\u0103tor&#8221;.\u201d<\/p>\n<p>Florin Piersic a m\u0103rturisit c\u0103 piesa lui Gabriel Cotabi\u021b\u0103 l-a marcat profund \u0219i c\u0103 l-a \u00eenso\u021bit \u00een numeroase momente din cariera sa: \u201eAt\u00e2t de tare m-au mi\u0219cat piesa \u0219i interpretarea ta, \u00eenc\u00e2t aceasta m-a \u00eenso\u021bit \u00een multe din emisiunile de televiziune sau spectacole pe care le-am f\u0103cut, pe unele dintre ele chiar \u00eempreun\u0103. Tu, dragul meu, cu siguran\u021b\u0103 n-ai fost &#8222;doar un simplu trec\u0103tor&#8221;.\u201d<\/p>\n<p>Actorul a \u021binut s\u0103 sublinieze contribu\u021bia uria\u0219\u0103 a lui Gabriel Cotabi\u021b\u0103 la cultura rom\u00e2neasc\u0103 \u0219i iubirea pe care acesta a primit-o din partea publicului: \u201eCu muzica ta, ai adus mult\u0103 bucurie celor care veneau s\u0103 te asculte! Pentru c\u0103 se spune c\u0103 arti\u0219tii nu mor niciodat\u0103, ci continu\u0103 s\u0103 tr\u0103iasc\u0103 prin arta lor \u00een sufletul celor care i-au admirat. \u0218i tu, minunatul meu Gabi Cotabi\u021b\u0103, vei continua s\u0103 tr\u0103ie\u0219ti \u00een inima mea. Te voi iubi mereu, Omule!\u201d<\/p>\n<p><a href=\"https:\/\/www.realitatea.net\/stiri\/lifestyle\/doliu-urias-in-muzica-usoara-romaneasca-a-murit-gabriel-cotabita_6741b8116bf6184ec87da003\" target=\"_blank\">Doliu uria\u0219 \u00een muzica u\u0219oar\u0103 rom\u00e2neasc\u0103! A murit Gabriel Cotabi\u021b\u0103: artistul ar fi suferit un AVC &#8211; SURSE<\/a><\/p>","protected":false},"excerpt":{"rendered":"<p>\u201eNu e adev\u0103rat! Nu se poate!\u201d, a fost reac\u021bia spontan\u0103 a lui Florin Piersic, vizibil&hellip;<\/p>\n","protected":false},"author":0,"featured_media":10143,"comment_status":"open","ping_status":"open","sticky":false,"template":"","format":"standard","meta":{"footnotes":""},"categories":[2],"tags":[],"class_list":["post-10158","post","type-post","status-publish","format-standard","has-post-thumbnail","hentry","category-actual"],"_links":{"self":[{"href":"https:\/\/247stiri.ro\/index.php\/wp-json\/wp\/v2\/posts\/10158","targetHints":{"allow":["GET"]}}],"collection":[{"href":"https:\/\/247stiri.ro\/index.php\/wp-json\/wp\/v2\/posts"}],"about":[{"href":"https:\/\/247stiri.ro\/index.php\/wp-json\/wp\/v2\/types\/post"}],"replies":[{"embeddable":true,"href":"https:\/\/247stiri.ro\/index.php\/wp-json\/wp\/v2\/comments?post=10158"}],"version-history":[{"count":0,"href":"https:\/\/247stiri.ro\/index.php\/wp-json\/wp\/v2\/posts\/10158\/revisions"}],"wp:featuredmedia":[{"embeddable":true,"href":"https:\/\/247stiri.ro\/index.php\/wp-json\/wp\/v2\/media\/10143"}],"wp:attachment":[{"href":"https:\/\/247stiri.ro\/index.php\/wp-json\/wp\/v2\/media?parent=10158"}],"wp:term":[{"taxonomy":"category","embeddable":true,"href":"https:\/\/247stiri.ro\/index.php\/wp-json\/wp\/v2\/categories?post=10158"},{"taxonomy":"post_tag","embeddable":true,"href":"https:\/\/247stiri.ro\/index.php\/wp-json\/wp\/v2\/tags?post=10158"}],"curies":[{"name":"wp","href":"https:\/\/api.w.org\/{rel}","templated":true}]}}