{"id":10165,"date":"2024-11-23T14:45:09","date_gmt":"2024-11-23T14:45:09","guid":{"rendered":"https:\/\/247stiri.ro\/index.php\/2024\/11\/23\/ucraina-a-pierdut-aproape-jumatate-din-teritoriul-regiunii-rusesti-kursk-pe-care-l-a-cucerit-in-august\/"},"modified":"2024-11-23T14:45:09","modified_gmt":"2024-11-23T14:45:09","slug":"ucraina-a-pierdut-aproape-jumatate-din-teritoriul-regiunii-rusesti-kursk-pe-care-l-a-cucerit-in-august","status":"publish","type":"post","link":"https:\/\/247stiri.ro\/index.php\/2024\/11\/23\/ucraina-a-pierdut-aproape-jumatate-din-teritoriul-regiunii-rusesti-kursk-pe-care-l-a-cucerit-in-august\/","title":{"rendered":"Ucraina a pierdut aproape JUM\u0102TATE din teritoriul regiunii ruse\u0219ti Kursk pe care l-a cucerit \u00een august"},"content":{"rendered":"<p>Sursa, citat\u0103 de jurnali\u0219tii de la The Guardian, face parte din statul major al Ucrainei, a declarat c\u0103 Rusia a desf\u0103\u015furat aproximativ 59 000 de solda\u0163i \u00een regiunea Kursk de c\u00e2nd for\u0163ele Kievului au p\u0103truns \u015fi au avansat rapid, prinz\u00e2nd Moscova nepreg\u0103tit\u0103 dup\u0103 doi ani \u015fi jum\u0103tate de invazie la scar\u0103 larg\u0103 \u00een Ucraina, potrivit news.ro.\u201eCel mult, am controlat aproximativ 1 376 de kilometri p\u0103tra\u0163i, acum, desigur, acest teritoriu este mai mic. Inamicul \u00ee\u015fi intensific\u0103 contraatacurile\u201d, a declarat sursa.\u201eAcum control\u0103m aproximativ 800 de kilometri p\u0103tra\u0163i. Vom men\u0163ine acest teritoriu at\u00e2ta timp c\u00e2t este adecvat din punct de vedere militar\u201d, a precizat sursa men\u0163ionat\u0103.Ofensiva de la Kursk a fost prima invazie terestr\u0103 a Rusiei de c\u0103tre o putere str\u0103in\u0103 de la al doilea r\u0103zboi mondial \u015fi a prins Moscova nepreg\u0103tit\u0103, potrivit Reuters.Prin ofensiva de la Kursk, Kievul a urm\u0103rit s\u0103 opreasc\u0103 atacurile ruse\u015fti din estul \u015fi nord-estul Ucrainei, s\u0103 for\u0163eze Rusia s\u0103 retrag\u0103 for\u0163ele care avanseaz\u0103 treptat \u00een est \u015fi s\u0103 aib\u0103 o p\u00e2rghie suplimentar\u0103 \u00een orice viitoare negociere de pace.<\/p>","protected":false},"excerpt":{"rendered":"<p>Sursa, citat\u0103 de jurnali\u0219tii de la The Guardian, face parte din statul major al Ucrainei,&hellip;<\/p>\n","protected":false},"author":0,"featured_media":10155,"comment_status":"open","ping_status":"open","sticky":false,"template":"","format":"standard","meta":{"footnotes":""},"categories":[2],"tags":[],"class_list":["post-10165","post","type-post","status-publish","format-standard","has-post-thumbnail","hentry","category-actual"],"_links":{"self":[{"href":"https:\/\/247stiri.ro\/index.php\/wp-json\/wp\/v2\/posts\/10165","targetHints":{"allow":["GET"]}}],"collection":[{"href":"https:\/\/247stiri.ro\/index.php\/wp-json\/wp\/v2\/posts"}],"about":[{"href":"https:\/\/247stiri.ro\/index.php\/wp-json\/wp\/v2\/types\/post"}],"replies":[{"embeddable":true,"href":"https:\/\/247stiri.ro\/index.php\/wp-json\/wp\/v2\/comments?post=10165"}],"version-history":[{"count":0,"href":"https:\/\/247stiri.ro\/index.php\/wp-json\/wp\/v2\/posts\/10165\/revisions"}],"wp:featuredmedia":[{"embeddable":true,"href":"https:\/\/247stiri.ro\/index.php\/wp-json\/wp\/v2\/media\/10155"}],"wp:attachment":[{"href":"https:\/\/247stiri.ro\/index.php\/wp-json\/wp\/v2\/media?parent=10165"}],"wp:term":[{"taxonomy":"category","embeddable":true,"href":"https:\/\/247stiri.ro\/index.php\/wp-json\/wp\/v2\/categories?post=10165"},{"taxonomy":"post_tag","embeddable":true,"href":"https:\/\/247stiri.ro\/index.php\/wp-json\/wp\/v2\/tags?post=10165"}],"curies":[{"name":"wp","href":"https:\/\/api.w.org\/{rel}","templated":true}]}}