{"id":10184,"date":"2024-11-23T15:45:06","date_gmt":"2024-11-23T15:45:06","guid":{"rendered":"https:\/\/247stiri.ro\/index.php\/2024\/11\/23\/dezastrul-din-sanatate-patru-judete-nu-au-absolut-niciun-specialist-in-chirurgie-pediatrica\/"},"modified":"2024-11-23T15:45:06","modified_gmt":"2024-11-23T15:45:06","slug":"dezastrul-din-sanatate-patru-judete-nu-au-absolut-niciun-specialist-in-chirurgie-pediatrica","status":"publish","type":"post","link":"https:\/\/247stiri.ro\/index.php\/2024\/11\/23\/dezastrul-din-sanatate-patru-judete-nu-au-absolut-niciun-specialist-in-chirurgie-pediatrica\/","title":{"rendered":"DEZASTRUL din s\u0103n\u0103tate. Patru jude\u021be nu au absolut niciun specialist \u00een chirurgie PEDIATRIC\u0102!"},"content":{"rendered":"<p>Num\u0103rul total al\u00a0chirurgilor pediatri cu status activ este 304, a transmis\u00a0Colegiul Medicilor la solicitarea presei, f\u0103cut\u0103 \u00een contextul cazului adolescentului de 16 ani care a murit la Spitalul Jude\u0163ean T\u00e2rgu Jiu, din caza peitonitei, dup\u0103 ce a fost \u0163inut mai multe ore f\u0103r\u0103 a fi operat, \u00eentruc\u00e2t chirurgul de gard\u0103 a refuzat interven\u0163ia, argument\u00e2nd c\u0103 nu are specializarea chirurgie pediatric\u0103.<\/p>\n<p>Statistica transmis\u0103 de Colegiul Medicilor relev\u0103 c\u0103 \u00een tot jude\u0163ul Gorj sunt 4 medici cu specializarea Chirurgie pediatric\u0103.<\/p>\n<p>\u00cen jude\u0163ele Alba, Cara\u015f-Severin, Giurgiu \u015fi Mehedin\u0163i nu figureaz\u0103 niciun astfel de medic.<\/p>\n<p>Din acelea\u015fi date rezult\u0103 c\u0103 jude\u0163ele Bistri\u0163a N\u0103s\u0103ud, Ialomi\u0163a \u015fi Ilfov au doar c\u00e2te un medic cu aceast\u0103 specializare, \u00een timp ce jude\u0163ele Br\u0103ila, C\u0103l\u0103ra\u015fi, Harghita, Hunedoara, Teleorman \u015fi V\u00e2lcea au c\u00e2te 2.<\/p>\n<p>\u00a0<\/p>\n<p>Cei mai mul\u0163i chirurgi pediatri sunt \u00een Bucure\u015fti &#8211; 79, urmat de Timi\u015f &#8211; 26, Cluj &#8211; 20, Ia\u015fi &#8211; 18, Dolj &#8211; 17, Bra\u015fov &#8211; 11, Mure\u015f &#8211; 10.<\/p>\n<p>Celelalte jude\u0163e au sub 10 medici cu aceast\u0103 specializare: Constan\u0163a &#8211; 9; Arge\u015f &#8211; 8; Bac\u0103u, Bihor &#8211; 7; Arad, Boto\u015fani, Maramure\u015f, Olt, Sibiu, Suceava &#8211; 6; Gala\u0163i, Neam\u0163 &#8211; 5; Gorj, Prahova, Satu Mare, Vrancea &#8211; 4; Buz\u0103u, Covasna, S\u0103laj, Tulcea, Vaslui &#8211; 3.<\/p>\n<p>La examenul de reziden\u0163iat din 17 noiembrie, au fost scoase la concurs 30 de locuri pentru specalizarea chirurgie pediatric\u0103<\/p>","protected":false},"excerpt":{"rendered":"<p>Num\u0103rul total al\u00a0chirurgilor pediatri cu status activ este 304, a transmis\u00a0Colegiul Medicilor la solicitarea presei,&hellip;<\/p>\n","protected":false},"author":0,"featured_media":10185,"comment_status":"open","ping_status":"open","sticky":false,"template":"","format":"standard","meta":{"footnotes":""},"categories":[2],"tags":[],"class_list":["post-10184","post","type-post","status-publish","format-standard","has-post-thumbnail","hentry","category-actual"],"_links":{"self":[{"href":"https:\/\/247stiri.ro\/index.php\/wp-json\/wp\/v2\/posts\/10184","targetHints":{"allow":["GET"]}}],"collection":[{"href":"https:\/\/247stiri.ro\/index.php\/wp-json\/wp\/v2\/posts"}],"about":[{"href":"https:\/\/247stiri.ro\/index.php\/wp-json\/wp\/v2\/types\/post"}],"replies":[{"embeddable":true,"href":"https:\/\/247stiri.ro\/index.php\/wp-json\/wp\/v2\/comments?post=10184"}],"version-history":[{"count":0,"href":"https:\/\/247stiri.ro\/index.php\/wp-json\/wp\/v2\/posts\/10184\/revisions"}],"wp:featuredmedia":[{"embeddable":true,"href":"https:\/\/247stiri.ro\/index.php\/wp-json\/wp\/v2\/media\/10185"}],"wp:attachment":[{"href":"https:\/\/247stiri.ro\/index.php\/wp-json\/wp\/v2\/media?parent=10184"}],"wp:term":[{"taxonomy":"category","embeddable":true,"href":"https:\/\/247stiri.ro\/index.php\/wp-json\/wp\/v2\/categories?post=10184"},{"taxonomy":"post_tag","embeddable":true,"href":"https:\/\/247stiri.ro\/index.php\/wp-json\/wp\/v2\/tags?post=10184"}],"curies":[{"name":"wp","href":"https:\/\/api.w.org\/{rel}","templated":true}]}}