{"id":10195,"date":"2024-11-23T16:44:49","date_gmt":"2024-11-23T16:44:49","guid":{"rendered":"https:\/\/247stiri.ro\/index.php\/2024\/11\/23\/povestea-de-anul-acesta-incepe-pe-6-decembrie-cand-natura-ingheata-si-mii-de-beculete-se-aprind-in-parcul-central\/"},"modified":"2024-11-23T16:44:49","modified_gmt":"2024-11-23T16:44:49","slug":"povestea-de-anul-acesta-incepe-pe-6-decembrie-cand-natura-ingheata-si-mii-de-beculete-se-aprind-in-parcul-central","status":"publish","type":"post","link":"https:\/\/247stiri.ro\/index.php\/2024\/11\/23\/povestea-de-anul-acesta-incepe-pe-6-decembrie-cand-natura-ingheata-si-mii-de-beculete-se-aprind-in-parcul-central\/","title":{"rendered":"Povestea de anul acesta \u00eencepe pe 6 Decembrie, c\u00e2nd natura \u00eenghea\u021b\u0103 \u0219i mii de becule\u021be se aprind \u00een Parcul Central"},"content":{"rendered":"<p>\u0218i pentru c\u0103 avem cu to\u021bii nevoie de un strop de magie \u00een via\u021ba noastr\u0103, tot atunci vom face cuno\u0219tin\u021b\u0103 cu personaje de basm <a href=\"https:\/\/www.realitatea.net\/stiri\/actual\/mos-craciun-vine-si-pe-canicula-surpriza-verii-pe-strazile-din-iasi-la-40-de-grade-celsius_66abf063af03ff6664591ee2\" target=\"_blank\">&#8211; Mo\u0219 Cr\u0103ciun<\/a>, al\u0103turi de elfii s\u0103i, Minnie, Mickey, Olaf.<\/p>\n<p>Dar orice poveste are \u0219i o petrecere care dureaz\u0103 7 zile \u0219i 7 nop\u021bi, iar basmul din Glina respect\u0103 tradi\u021bia &#8211; arti\u0219ti \u00eendr\u0103gi\u021bi vor urca pe scen\u0103 \u0219i vor interpreta cele mai cunoscute melodii ale sezonului.\u00a0<\/p>\n<p>Narcisa Suciu va oferi o sear\u0103 a colindelor, zeci de copii ne vor colinda, Theo Rose, Damian Dr\u0103ghici, Vlad Miri\u021b\u0103, Connecter \u0219i Adrian de la Bobe\u0219ti, Cantus Domini, Lora, Laura Ion, Dj Rare\u0219, Doina Ilfovului, Taraful Ilfovului.<\/p>\n<p>\u0218i ce-ar fi o poveste f\u0103r\u0103 tradi\u021bii, f\u0103r\u0103 condeie \u0219i scrisori\u2026 Pe care s\u0103 le l\u0103s\u0103m cu \u00eencredere \u00een cutia po\u0219tal\u0103 a lui Mo\u0219 Cr\u0103ciun. Ca-n vremurile de alt\u0103dat\u0103. Doar \u00eencredere s\u0103 avem.<\/p>\n<p>Din pagin\u0103 \u00een pagin\u0103, descoperim c\u0103 cei mici sunt actorii pove\u0219tii. Construiesc coroni\u021be pentru renul preferat, Rudolf, globuri cu dorin\u021be pentru brad \u0219i exploreaz\u0103 zile la r\u00e2nd <a href=\"https:\/\/www.realitatea.net\/stiri\/actual\/mos-craciun-de-la-primaria-vaslui-a-ramas-fara-cadouri-copiii-au-izbucnit-in-plans-parintii-revoltati-sa-va-fie-rusine_658c657ef14f0c1c47749162\" target=\"_blank\">tainele atelierelor magice de iarn\u0103.<\/a><\/p>\n<p>Dar povestea din Glina se lunge\u0219te \u0219i mai mult. C\u0103ci nu degeaba v\u0103 spuneam la \u00eenceput c\u0103 \u00een Decembrie, destina\u021bia preferat\u0103 a tuturor este \u00een Ilfov. \ud835\udc70\ud835\udc82\ud835\udc93 \ud835\udc6e\ud835\udc8d\ud835\udc8a\ud835\udc8f\ud835\udc82 \ud835\udc86\ud835\udc94\ud835\udc95\ud835\udc86 \u2026\ud835\udc68\ud835\udc84\ud835\udc82\ud835\udc94\ud835\udc82\u0306 \ud835\udc8d\ud835\udc82 \ud835\udc74\ud835\udc90\ud835\udc94\u0326 \ud835\udc6a\ud835\udc93\ud835\udc82\u0306\ud835\udc84\ud835\udc8a\ud835\udc96\ud835\udc8f.\u00a0\ud835\ude3e\ud835\ude56\u0306\ud835\ude58\ud835\ude5e \ud835\ude59\ud835\ude56\ud835\ude58\ud835\ude56\u0306 \ud835\ude63-\ud835\ude56\ud835\ude67 \ud835\ude5b\ud835\ude5e, \ud835\ude63\ud835\ude6a \ud835\ude68-\ud835\ude56\ud835\ude67 \ud835\ude65\ud835\ude64\ud835\ude6b\ud835\ude5a\ud835\ude68\ud835\ude69\ud835\ude5e.\u00a0\ud835\ude51\ud835\ude56 \ud835\ude6a\ud835\ude67\ud835\ude62\ud835\ude56\u2026\u2728<\/p>","protected":false},"excerpt":{"rendered":"<p>\u0218i pentru c\u0103 avem cu to\u021bii nevoie de un strop de magie \u00een via\u021ba noastr\u0103,&hellip;<\/p>\n","protected":false},"author":0,"featured_media":10196,"comment_status":"open","ping_status":"open","sticky":false,"template":"","format":"standard","meta":{"footnotes":""},"categories":[8],"tags":[],"class_list":["post-10195","post","type-post","status-publish","format-standard","has-post-thumbnail","hentry","category-lifestyle"],"_links":{"self":[{"href":"https:\/\/247stiri.ro\/index.php\/wp-json\/wp\/v2\/posts\/10195","targetHints":{"allow":["GET"]}}],"collection":[{"href":"https:\/\/247stiri.ro\/index.php\/wp-json\/wp\/v2\/posts"}],"about":[{"href":"https:\/\/247stiri.ro\/index.php\/wp-json\/wp\/v2\/types\/post"}],"replies":[{"embeddable":true,"href":"https:\/\/247stiri.ro\/index.php\/wp-json\/wp\/v2\/comments?post=10195"}],"version-history":[{"count":0,"href":"https:\/\/247stiri.ro\/index.php\/wp-json\/wp\/v2\/posts\/10195\/revisions"}],"wp:featuredmedia":[{"embeddable":true,"href":"https:\/\/247stiri.ro\/index.php\/wp-json\/wp\/v2\/media\/10196"}],"wp:attachment":[{"href":"https:\/\/247stiri.ro\/index.php\/wp-json\/wp\/v2\/media?parent=10195"}],"wp:term":[{"taxonomy":"category","embeddable":true,"href":"https:\/\/247stiri.ro\/index.php\/wp-json\/wp\/v2\/categories?post=10195"},{"taxonomy":"post_tag","embeddable":true,"href":"https:\/\/247stiri.ro\/index.php\/wp-json\/wp\/v2\/tags?post=10195"}],"curies":[{"name":"wp","href":"https:\/\/api.w.org\/{rel}","templated":true}]}}