{"id":10203,"date":"2024-11-23T16:44:51","date_gmt":"2024-11-23T16:44:51","guid":{"rendered":"https:\/\/247stiri.ro\/index.php\/2024\/11\/23\/mesaj-transant-pentru-romania-de-la-seful-diplomatiei-ue-sunteti-obligati-s-o-faceti\/"},"modified":"2024-11-23T16:44:51","modified_gmt":"2024-11-23T16:44:51","slug":"mesaj-transant-pentru-romania-de-la-seful-diplomatiei-ue-sunteti-obligati-s-o-faceti","status":"publish","type":"post","link":"https:\/\/247stiri.ro\/index.php\/2024\/11\/23\/mesaj-transant-pentru-romania-de-la-seful-diplomatiei-ue-sunteti-obligati-s-o-faceti\/","title":{"rendered":"Mesaj tran\u0219ant pentru Rom\u00e2nia de la \u0219eful diploma\u021biei UE: \u201eSunte\u021bi obliga\u021bi s-o face\u021bi!\u201d"},"content":{"rendered":"<p>\u015eeful diploma\u0163iei europene, Josep Borrell, a estimat s\u00e2mb\u0103t\u0103 c\u0103 statele UE au obliga\u0163ia s\u0103 pun\u0103 \u00een aplicare mandatele de arestare emise joi de Curtea Penal\u0103 Interna\u0163ional\u0103 (CPI) pe numele premierului israelian Benjamin Netanyahu, fostului ministru israelian al ap\u0103r\u0103rii Yoav Gallant \u015fi \u015fefului aripii militare a mi\u015fc\u0103rii palestiniene Hamas, Mohammed Deif, pentru crime de r\u0103zboi \u015fi crime \u00eempotriva umanit\u0103\u0163ii, relateaz\u0103 agen\u0163iile Reuters \u015fi EFE.<\/p>\n<p>&#8222;Statele semnatare ale Statutului de la Roma (actul fondator al CPI, semnat de toate statele UE, n.red) sunt obligate s\u0103 aplice decizia instan\u0163ei. Acesta lucru nu este ceva op\u0163ional&#8221;, a indicat Josep Borrell \u00een timpul unei vizite \u00een Cipru. Acela\u015fi obliga\u0163ii le revin \u0163\u0103rilor care aspir\u0103 s\u0103 adere la UE, a completat el, scrie agerpres.ro.<\/p>\n<p>&#8222;De fiecare dat\u0103 c\u00e2nd cineva nu este de acord cu politica vreunui guvern israelian este acuzat de antisemitism&#8221;, a remarcat Borrell, cunoscut pentru pozi\u0163iile sale foarte critice la adresa Israelului, dar nu \u00eentotdeauna \u00eemp\u0103rt\u0103\u015fite de statele UE \u015fi de institu\u0163iile europene, de c\u00e2nd armata israelian\u0103 a lansat \u00een octombrie anul trecut \u00een F\u00e2\u015fia Gaza o ofensiv\u0103 s\u00e2ngeroas\u0103 \u00een care au fost uci\u015fi p\u00e2n\u0103 \u00een prezent peste 44.000 de palestinieni, dup\u0103 un atac al mi\u015fc\u0103rii Hamas care a ucis circa 1.200 de persoane \u00een sudul Israelului pe 7 octombrie 2023.<\/p>\n<p>&#8222;Eu am dreptul s\u0103 critic deciziile guvernului israelian, fie c\u0103 este vorba despre Netanyahu sau altcineva, f\u0103r\u0103 s\u0103 fiu acuzat de antisemitism&#8221;, a mai spus Borrell, care a depl\u00e2ns faptul c\u0103 statele &#8222;membre ale UE sunt profund divizate \u00een fa\u0163a deciziilor Cur\u0163ii Penale Interna\u0163ionale&#8221;. &#8222;Este vorba despre o decizie juridic\u0103, nu politic\u0103, \u015fi nu are nimic antisemit&#8221;, a insistat el.<\/p>\n<p>&#8222;Atunci c\u00e2nd Curtea (Penal\u0103 Interna\u0163ional\u0103), creat\u0103 cu sprijinul clar al multor membri ai UE, a cerut arestarea lui Putin (pre\u015fedintele rus Vladimir Putin, n.red), mul\u0163i au aplaudat, iar acum acelea\u015fi voci r\u0103m\u00e2n t\u0103cute&#8221; dup\u0103 ce aceea\u015fi instan\u0163\u0103 a cerut arestarea premierului israelian Netanyahu, a mai remarcat Josep Borrell.<\/p>\n<p>Dup\u0103 anun\u0163area sentin\u0163ei CPI, premierul ungar Viktor Orban a declarat c\u0103 Netanyahu este binevenit \u00eentr-o vizit\u0103 \u00een Ungaria, asigur\u00e2ndu-l c\u0103 nu risc\u0103 arestarea. Ungaria nu este \u00eens\u0103 singura \u0163ar\u0103 din UE care a sugerat c\u0103 nu va pune \u00een practic\u0103 mandatul de arestare dac\u0103 premierul israelian sau fostul s\u0103u ministru al ap\u0103r\u0103rii ar fi prezen\u0163i pe teritoriile lor. Guvernul german, de pild\u0103, a transmis c\u0103 este &#8222;dificil de imaginat&#8221; c\u0103 l-ar putea aresta pe Netanyahu. &#8222;Aceast\u0103 pozi\u0163ie este de asemenea rezultatul istoriei germane&#8221;, a recunoscut purt\u0103torul de cuv\u00e2nt al guvernului de la Berlin, referindu-se astfel la Holocaust.<\/p>","protected":false},"excerpt":{"rendered":"<p>\u015eeful diploma\u0163iei europene, Josep Borrell, a estimat s\u00e2mb\u0103t\u0103 c\u0103 statele UE au obliga\u0163ia s\u0103 pun\u0103&hellip;<\/p>\n","protected":false},"author":0,"featured_media":10202,"comment_status":"open","ping_status":"open","sticky":false,"template":"","format":"standard","meta":{"footnotes":""},"categories":[2],"tags":[],"class_list":["post-10203","post","type-post","status-publish","format-standard","has-post-thumbnail","hentry","category-actual"],"_links":{"self":[{"href":"https:\/\/247stiri.ro\/index.php\/wp-json\/wp\/v2\/posts\/10203","targetHints":{"allow":["GET"]}}],"collection":[{"href":"https:\/\/247stiri.ro\/index.php\/wp-json\/wp\/v2\/posts"}],"about":[{"href":"https:\/\/247stiri.ro\/index.php\/wp-json\/wp\/v2\/types\/post"}],"replies":[{"embeddable":true,"href":"https:\/\/247stiri.ro\/index.php\/wp-json\/wp\/v2\/comments?post=10203"}],"version-history":[{"count":0,"href":"https:\/\/247stiri.ro\/index.php\/wp-json\/wp\/v2\/posts\/10203\/revisions"}],"wp:featuredmedia":[{"embeddable":true,"href":"https:\/\/247stiri.ro\/index.php\/wp-json\/wp\/v2\/media\/10202"}],"wp:attachment":[{"href":"https:\/\/247stiri.ro\/index.php\/wp-json\/wp\/v2\/media?parent=10203"}],"wp:term":[{"taxonomy":"category","embeddable":true,"href":"https:\/\/247stiri.ro\/index.php\/wp-json\/wp\/v2\/categories?post=10203"},{"taxonomy":"post_tag","embeddable":true,"href":"https:\/\/247stiri.ro\/index.php\/wp-json\/wp\/v2\/tags?post=10203"}],"curies":[{"name":"wp","href":"https:\/\/api.w.org\/{rel}","templated":true}]}}