{"id":10215,"date":"2024-11-23T17:45:11","date_gmt":"2024-11-23T17:45:11","guid":{"rendered":"https:\/\/247stiri.ro\/index.php\/2024\/11\/23\/urmarire-ca-n-filme-la-caracal-un-tanar-a-furat-o-masina-si-s-a-proptit-cu-ea-in-mai-multe-autoturisme-parcate\/"},"modified":"2024-11-23T17:45:11","modified_gmt":"2024-11-23T17:45:11","slug":"urmarire-ca-n-filme-la-caracal-un-tanar-a-furat-o-masina-si-s-a-proptit-cu-ea-in-mai-multe-autoturisme-parcate","status":"publish","type":"post","link":"https:\/\/247stiri.ro\/index.php\/2024\/11\/23\/urmarire-ca-n-filme-la-caracal-un-tanar-a-furat-o-masina-si-s-a-proptit-cu-ea-in-mai-multe-autoturisme-parcate\/","title":{"rendered":"Urm\u0103rire ca-n filme, la Caracal. Un t\u00e2n\u0103r a furat o ma\u0219in\u0103 \u0219i s-a \u201eproptit\u201d cu ea \u00een mai multe autoturisme parcate"},"content":{"rendered":"<p>Furtul a fost anun\u0163at s\u00e2mb\u0103t\u0103 de proprietarul ma\u015finii, un b\u0103rbat din municipiul Caracal. El a precizat c\u0103 o persoan\u0103 i-ar fi sustras autoturismul care se afla sta\u0163ionat \u00een parcarea din fa\u0163a imobilului \u00een care locuie\u015fte.Poli\u0163i\u015ftii au \u00eenceput verific\u0103rile \u00een teren \u015fi autoturismul a fost reperat \u00een trafic, pe DN 64, \u00een ora\u015ful Piatra-Olt.&#8221;Poli\u0163i\u015ftii au efectuat semnalul regulamentar de oprire, \u00eens\u0103 conduc\u0103torul auto nu s-a supus m\u0103surii, iar poli\u0163i\u015ftii au urm\u0103rit autoturismul \u00een cauz\u0103 cu semnalele luminoase \u015fi acustice \u00een func\u0163iune. \u00cen urm\u0103rire, conduc\u0103torul auto nu s-a supus soma\u0163iilor, astfel c\u0103 poli\u0163i\u015ftii au executat dou\u0103 focuri cu armamentul din dotare \u015fi au utilizat dispozitivul pentru oprire for\u0163at\u0103. Autoturismul a fost urm\u0103rit p\u00e2n\u0103 la intrarea \u00een municipiul Caracal, unde conduc\u0103torul auto a pierdut controlul direc\u0163iei de deplasare \u015fi a acro\u015fat cinci autoturisme parcate \u015fi dou\u0103 autospeciale de poli\u0163ie&#8221;, a precizat sursa citat\u0103.Nu au existat victime, fiind produse doar pagube materiale.La volanul autoturismului sustras a fost identificat un t\u00e2n\u0103r de 21 de ani, din comuna Giarmata, jude\u0163ul Timi\u015f. El a fost condus la Spitalul municipal Caracal, pentru recoltarea de probe biologice.\u00cen cauz\u0103, poli\u0163i\u015ftii continu\u0103 cercet\u0103rile.<\/p>","protected":false},"excerpt":{"rendered":"<p>Furtul a fost anun\u0163at s\u00e2mb\u0103t\u0103 de proprietarul ma\u015finii, un b\u0103rbat din municipiul Caracal. El a&hellip;<\/p>\n","protected":false},"author":0,"featured_media":10216,"comment_status":"open","ping_status":"open","sticky":false,"template":"","format":"standard","meta":{"footnotes":""},"categories":[2],"tags":[],"class_list":["post-10215","post","type-post","status-publish","format-standard","has-post-thumbnail","hentry","category-actual"],"_links":{"self":[{"href":"https:\/\/247stiri.ro\/index.php\/wp-json\/wp\/v2\/posts\/10215","targetHints":{"allow":["GET"]}}],"collection":[{"href":"https:\/\/247stiri.ro\/index.php\/wp-json\/wp\/v2\/posts"}],"about":[{"href":"https:\/\/247stiri.ro\/index.php\/wp-json\/wp\/v2\/types\/post"}],"replies":[{"embeddable":true,"href":"https:\/\/247stiri.ro\/index.php\/wp-json\/wp\/v2\/comments?post=10215"}],"version-history":[{"count":0,"href":"https:\/\/247stiri.ro\/index.php\/wp-json\/wp\/v2\/posts\/10215\/revisions"}],"wp:featuredmedia":[{"embeddable":true,"href":"https:\/\/247stiri.ro\/index.php\/wp-json\/wp\/v2\/media\/10216"}],"wp:attachment":[{"href":"https:\/\/247stiri.ro\/index.php\/wp-json\/wp\/v2\/media?parent=10215"}],"wp:term":[{"taxonomy":"category","embeddable":true,"href":"https:\/\/247stiri.ro\/index.php\/wp-json\/wp\/v2\/categories?post=10215"},{"taxonomy":"post_tag","embeddable":true,"href":"https:\/\/247stiri.ro\/index.php\/wp-json\/wp\/v2\/tags?post=10215"}],"curies":[{"name":"wp","href":"https:\/\/api.w.org\/{rel}","templated":true}]}}