{"id":1027,"date":"2024-10-23T04:45:44","date_gmt":"2024-10-23T04:45:44","guid":{"rendered":"https:\/\/247stiri.ro\/index.php\/2024\/10\/23\/razboi-in-ucraina-ziua-973-furie-la-kremlin-rusia-ameninta-cu-consecinte-dupa-inaugurarea-noului-comandament-naval-german-la-rostock-live-text\/"},"modified":"2024-10-23T04:45:44","modified_gmt":"2024-10-23T04:45:44","slug":"razboi-in-ucraina-ziua-973-furie-la-kremlin-rusia-ameninta-cu-consecinte-dupa-inaugurarea-noului-comandament-naval-german-la-rostock-live-text","status":"publish","type":"post","link":"https:\/\/247stiri.ro\/index.php\/2024\/10\/23\/razboi-in-ucraina-ziua-973-furie-la-kremlin-rusia-ameninta-cu-consecinte-dupa-inaugurarea-noului-comandament-naval-german-la-rostock-live-text\/","title":{"rendered":"R\u0103zboi \u00een Ucraina, ziua 973. Furie la Kremlin! Rusia amenin\u0163\u0103 cu consecin\u0163e dup\u0103 inaugurarea noului comandament naval german la Rostock &#8211; LIVE TEXT"},"content":{"rendered":"<p>UPDATE 6:10 &#8211; Procurorul general al Ucrainei Andrii Kostin \u015fi-a prezentat mar\u0163i demisia, dup\u0103 ce o anchet\u0103 a Serviciilor de securitate (SBU) a dezv\u0103luit un sistem de corup\u0163ie la scar\u0103 mare care a permis unor conduc\u0103tori ai administra\u0163iei sale s\u0103 evite \u00eenrolarea \u00een armat\u0103, relateaz\u0103 AFP.<\/p>\n<p>UPDATE 4:20 &#8211; Centrul de comandament naval \u00een Marea Baltic\u0103 inaugurat de Germania pentru a coordona for\u0163ele NATO nu \u00eencalc\u0103 nicio dispozi\u0163ie a tratatului care reglementeaz\u0103 statutul interna\u0163ional al \u0163\u0103rii de la reunificarea sa, a transmis mar\u0163i Berlinul, dup\u0103 ce Rusia a amenin\u0163at cu consecin\u0163e \u00een urma acestei m\u0103suri, relateaz\u0103 AFP.Ministerul rus de Externe l-a convocat mar\u0163i pe ambasadorul Germaniei la Moscova, Alexander Graf Lambsdorff, pentru a protesta \u00eempotriva deschiderii acestui nou comandament al Marinei germane, destinat s\u0103 consolideze capacitatea de ap\u0103rare a NATO \u00een regiunea M\u0103rii Baltice.Diplomatul &#8222;a dezmin\u0163it f\u0103r\u0103 echivoc c\u0103 acordul 2+4 ar fi fost \u00eenc\u0103lcat de c\u0103tre guvernul federal&#8221;, a declarat pentru AFP un purt\u0103tor de cuv\u00e2nt al Ministerului de Externe german.\u00centr-un comunicat, MAE rus sus\u0163ine c\u0103 deschiderea acestui comandament naval ar \u00eenc\u0103lca acordul &#8222;2+4&#8221;, \u00eencheiat \u00een urma reunific\u0103rii Germaniei \u015fi care interzice sta\u0163ionarea trupelor NATO \u00een estul Germaniei.<\/p>","protected":false},"excerpt":{"rendered":"<p>UPDATE 6:10 &#8211; Procurorul general al Ucrainei Andrii Kostin \u015fi-a prezentat mar\u0163i demisia, dup\u0103 ce&hellip;<\/p>\n","protected":false},"author":0,"featured_media":1018,"comment_status":"open","ping_status":"open","sticky":false,"template":"","format":"standard","meta":{"footnotes":""},"categories":[2],"tags":[],"class_list":["post-1027","post","type-post","status-publish","format-standard","has-post-thumbnail","hentry","category-actual"],"_links":{"self":[{"href":"https:\/\/247stiri.ro\/index.php\/wp-json\/wp\/v2\/posts\/1027","targetHints":{"allow":["GET"]}}],"collection":[{"href":"https:\/\/247stiri.ro\/index.php\/wp-json\/wp\/v2\/posts"}],"about":[{"href":"https:\/\/247stiri.ro\/index.php\/wp-json\/wp\/v2\/types\/post"}],"replies":[{"embeddable":true,"href":"https:\/\/247stiri.ro\/index.php\/wp-json\/wp\/v2\/comments?post=1027"}],"version-history":[{"count":0,"href":"https:\/\/247stiri.ro\/index.php\/wp-json\/wp\/v2\/posts\/1027\/revisions"}],"wp:featuredmedia":[{"embeddable":true,"href":"https:\/\/247stiri.ro\/index.php\/wp-json\/wp\/v2\/media\/1018"}],"wp:attachment":[{"href":"https:\/\/247stiri.ro\/index.php\/wp-json\/wp\/v2\/media?parent=1027"}],"wp:term":[{"taxonomy":"category","embeddable":true,"href":"https:\/\/247stiri.ro\/index.php\/wp-json\/wp\/v2\/categories?post=1027"},{"taxonomy":"post_tag","embeddable":true,"href":"https:\/\/247stiri.ro\/index.php\/wp-json\/wp\/v2\/tags?post=1027"}],"curies":[{"name":"wp","href":"https:\/\/api.w.org\/{rel}","templated":true}]}}