{"id":10280,"date":"2024-11-23T22:46:00","date_gmt":"2024-11-23T22:46:00","guid":{"rendered":"https:\/\/247stiri.ro\/index.php\/2024\/11\/23\/adriana-bahmuteanu-tuna-si-fulgera-ameninta-dgaspc-cu-procese-penale-si-civile-poate-e-un-pedofil-in-casa-cine-raspunde-de-copiii-mei\/"},"modified":"2024-11-23T22:46:00","modified_gmt":"2024-11-23T22:46:00","slug":"adriana-bahmuteanu-tuna-si-fulgera-ameninta-dgaspc-cu-procese-penale-si-civile-poate-e-un-pedofil-in-casa-cine-raspunde-de-copiii-mei","status":"publish","type":"post","link":"https:\/\/247stiri.ro\/index.php\/2024\/11\/23\/adriana-bahmuteanu-tuna-si-fulgera-ameninta-dgaspc-cu-procese-penale-si-civile-poate-e-un-pedofil-in-casa-cine-raspunde-de-copiii-mei\/","title":{"rendered":"Adriana Bahmu\u021beanu tun\u0103 \u0219i fulger\u0103! Amenin\u021b\u0103 DGASPC cu procese penale \u0219i civile: \u201ePoate e un pedofil \u00een cas\u0103, cine r\u0103spunde de copiii mei?\u201d"},"content":{"rendered":"<p>Copiii, re\u021binu\u021bi \u00eentr-un imobil nesigur<\/p>\n<p><a href=\"https:\/\/www.realitatea.net\/stiri\/actual\/zi-cruciala-la-judecatoria-sectorului-3-magistratii-discuta-astazi-ordonanta-presedintiala-a-adrianei-bahmuteanu-cine-va-obtine-custodia-copiilor-lui-prigoana_6740300201d132524026e782\" target=\"_blank\">Adriana Bahmu\u021beanu<\/a> afirm\u0103 c\u0103, de la decesul lui Silviu Prigoan\u0103, copiii s\u0103i se afl\u0103 \u00eentr-un imobil care i-a apar\u021binut acestuia, fiind re\u021binu\u021bi acolo de fra\u021bii lor vitregi. Vedeta \u00ee\u0219i exprim\u0103 \u00eengrijorarea cu privire la siguran\u021ba lor:<\/p>\n<p>\u201eEu am custodie exclusiv\u0103 asupra copiilor \u0219i autoritate p\u0103rinteasc\u0103 deplin\u0103. Cu toate acestea, ei sunt re\u021binu\u021bi de fra\u021bii lor vitregi \u00eentr-o cas\u0103 unde nu \u0219tiu cine \u00eei supravegheaz\u0103. Nu pot accepta ca ei s\u0103 r\u0103m\u00e2n\u0103 noaptea cu persoane necunoscute, care se perind\u0103 prin acea locuin\u021b\u0103. Poate e un pedofil acolo, cine \u00ee\u0219i asum\u0103 r\u0103spunderea pentru ce li se \u00eent\u00e2mpl\u0103 copiilor mei?\u201d a declarat Bahmu\u021beanu la B1 TV.Adriana sus\u021bine c\u0103 fra\u021bii vitregi ai copiilor \u00eencearc\u0103 s\u0103 o \u021bin\u0103 departe de ace\u0219tia, inclusiv prin limitarea accesului la \u0219coal\u0103:<\/p>\n<p>\u201eAbia dup\u0103 presiunile mele, copiii au fost du\u0219i la \u0219coal\u0103, dar numai c\u00e2teva ore pe zi, \u0219i asta doar pentru a evita s\u0103 m\u0103 \u00eent\u00e2lnesc cu ei. Am notificat \u0219coala c\u0103 sunt singurul p\u0103rinte legal care are dreptul s\u0103-i aduc\u0103 \u0219i s\u0103-i ia de acolo, iar ei au \u00een\u021beles situa\u021bia. \u00cen schimb, DGASPC continu\u0103 s\u0103 ignore problema.\u201d<\/p>\n<p>Acuza\u021bii grave la adresa DGASPC<\/p>\n<p>Bahmu\u021beanu sus\u021bine c\u0103 DGASPC nu doar c\u0103 nu i-a oferit sprijin, dar a favorizat partea advers\u0103 \u00een ultimii ani:<\/p>\n<p>\u201eDe ani de zile, DGASPC a fost obedient fa\u021b\u0103 de Silviu Prigoan\u0103 \u0219i, mai nou, fa\u021b\u0103 de fra\u021bii vitregi ai copiilor mei. \u00cen loc s\u0103 \u00eemi sprijine autoritatea p\u0103rinteasc\u0103, i-au ajutat pe copii s\u0103 transfere aceast\u0103 autoritate c\u0103tre fratele lor mai mare, Honorius, pe care \u00eel v\u0103d acum ca pe un salvator. Ei cred c\u0103 vor avea o via\u021b\u0103 de lux al\u0103turi de el, f\u0103r\u0103 s\u0103 \u00een\u021beleag\u0103 c\u0103 acea cas\u0103 unde stau este sub executare silit\u0103 \u0219i implicat\u0103 \u00een dosare la DNA.\u201d<\/p>\n<p>\u00cen fa\u021ba acestei situa\u021bii, <a href=\"https:\/\/www.realitatea.net\/stiri\/actual\/copiii-minori-ai-lui-prigoana-prima-intalnire-cu-mama-lor-intrevederea-a-fost-mediata-de-protectia-copilului_673eeede757c0f099b2254ca\" target=\"_blank\">Adriana Bahmu\u021beanu<\/a> a anun\u021bat c\u0103 va ini\u021bia ac\u021biuni legale \u00eempotriva DGASPC:<\/p>\n<p>\u201eVoi depune pl\u00e2ngeri penale \u0219i civile \u00eempotriva acestei institu\u021bii. Nu au f\u0103cut nimic pentru a-mi sprijini drepturile \u0219i nici nu i-au consiliat pe copii \u00een ceea ce prive\u0219te autoritatea p\u0103rinteasc\u0103 a mamei lor. Ei se ascund \u00een spatele unor rapoarte \u0219i documente, dar realitatea este c\u0103 au demonstrat o incompeten\u021b\u0103 cras\u0103.\u201d<\/p>\n<p>\u00a0Vedeta \u00ee\u0219i propune s\u0103 lupte \u00een instan\u021b\u0103 pentru a-\u0219i ap\u0103ra drepturile \u0219i pentru a-i aduce pe copii \u00eenapoi sub protec\u021bia sa.<\/p>","protected":false},"excerpt":{"rendered":"<p>Copiii, re\u021binu\u021bi \u00eentr-un imobil nesigur Adriana Bahmu\u021beanu afirm\u0103 c\u0103, de la decesul lui Silviu Prigoan\u0103,&hellip;<\/p>\n","protected":false},"author":0,"featured_media":10281,"comment_status":"open","ping_status":"open","sticky":false,"template":"","format":"standard","meta":{"footnotes":""},"categories":[8],"tags":[],"class_list":["post-10280","post","type-post","status-publish","format-standard","has-post-thumbnail","hentry","category-lifestyle"],"_links":{"self":[{"href":"https:\/\/247stiri.ro\/index.php\/wp-json\/wp\/v2\/posts\/10280","targetHints":{"allow":["GET"]}}],"collection":[{"href":"https:\/\/247stiri.ro\/index.php\/wp-json\/wp\/v2\/posts"}],"about":[{"href":"https:\/\/247stiri.ro\/index.php\/wp-json\/wp\/v2\/types\/post"}],"replies":[{"embeddable":true,"href":"https:\/\/247stiri.ro\/index.php\/wp-json\/wp\/v2\/comments?post=10280"}],"version-history":[{"count":0,"href":"https:\/\/247stiri.ro\/index.php\/wp-json\/wp\/v2\/posts\/10280\/revisions"}],"wp:featuredmedia":[{"embeddable":true,"href":"https:\/\/247stiri.ro\/index.php\/wp-json\/wp\/v2\/media\/10281"}],"wp:attachment":[{"href":"https:\/\/247stiri.ro\/index.php\/wp-json\/wp\/v2\/media?parent=10280"}],"wp:term":[{"taxonomy":"category","embeddable":true,"href":"https:\/\/247stiri.ro\/index.php\/wp-json\/wp\/v2\/categories?post=10280"},{"taxonomy":"post_tag","embeddable":true,"href":"https:\/\/247stiri.ro\/index.php\/wp-json\/wp\/v2\/tags?post=10280"}],"curies":[{"name":"wp","href":"https:\/\/api.w.org\/{rel}","templated":true}]}}