{"id":10352,"date":"2024-11-24T08:45:27","date_gmt":"2024-11-24T08:45:27","guid":{"rendered":"https:\/\/247stiri.ro\/index.php\/2024\/11\/24\/alegeri-prezidentiale-2024-nicusor-dan-am-votat-asa-cum-o-fac-de-35-de-ani-am-votat-si-la-referendumul-pentru-capitala\/"},"modified":"2024-11-24T08:45:27","modified_gmt":"2024-11-24T08:45:27","slug":"alegeri-prezidentiale-2024-nicusor-dan-am-votat-asa-cum-o-fac-de-35-de-ani-am-votat-si-la-referendumul-pentru-capitala","status":"publish","type":"post","link":"https:\/\/247stiri.ro\/index.php\/2024\/11\/24\/alegeri-prezidentiale-2024-nicusor-dan-am-votat-asa-cum-o-fac-de-35-de-ani-am-votat-si-la-referendumul-pentru-capitala\/","title":{"rendered":"Alegeri preziden\u021biale 2024. Nicu\u0219or Dan: Am votat, a\u0219a cum o fac de 35 de ani. Am votat \u0219i la referendumul pentru Capital\u0103"},"content":{"rendered":"<p>&#8222;Am votat si acum, la alegerile na\u021bionale, cum votez de 35 de ani, pentru democra\u021bie \u0219i pentru o direc\u021bie european\u0103. Am votat pentru referendumul local pentru ca Bucure\u0219tiul s\u0103 fie un ora\u0219 modern, guvernabil, cu o alocare corect\u0103 a banilor&#8221;, a declarat edilul general.<\/p>\n<p><a href=\"https:\/\/www.realitatea.net\/stiri\/actual\/referendum-bucuresti-24-noiembrie-2024-cetatenii-raspund-la-3-intrebari-care-sa-schimbe-viitorul-capitalei_6742c1a7fc2ebf0a911a4d62\" target=\"_blank\">Referendum Bucure\u0219ti 24 noiembrie 2024. Cet\u0103\u021benii r\u0103spund la 3 \u00eentreb\u0103ri care s\u0103 schimbe viitorul Capitalei<\/a><\/p>\n<p>\u00a0<\/p>","protected":false},"excerpt":{"rendered":"<p>&#8222;Am votat si acum, la alegerile na\u021bionale, cum votez de 35 de ani, pentru democra\u021bie&hellip;<\/p>\n","protected":false},"author":0,"featured_media":10353,"comment_status":"open","ping_status":"open","sticky":false,"template":"","format":"standard","meta":{"footnotes":""},"categories":[3],"tags":[],"class_list":["post-10352","post","type-post","status-publish","format-standard","has-post-thumbnail","hentry","category-politica"],"_links":{"self":[{"href":"https:\/\/247stiri.ro\/index.php\/wp-json\/wp\/v2\/posts\/10352","targetHints":{"allow":["GET"]}}],"collection":[{"href":"https:\/\/247stiri.ro\/index.php\/wp-json\/wp\/v2\/posts"}],"about":[{"href":"https:\/\/247stiri.ro\/index.php\/wp-json\/wp\/v2\/types\/post"}],"replies":[{"embeddable":true,"href":"https:\/\/247stiri.ro\/index.php\/wp-json\/wp\/v2\/comments?post=10352"}],"version-history":[{"count":0,"href":"https:\/\/247stiri.ro\/index.php\/wp-json\/wp\/v2\/posts\/10352\/revisions"}],"wp:featuredmedia":[{"embeddable":true,"href":"https:\/\/247stiri.ro\/index.php\/wp-json\/wp\/v2\/media\/10353"}],"wp:attachment":[{"href":"https:\/\/247stiri.ro\/index.php\/wp-json\/wp\/v2\/media?parent=10352"}],"wp:term":[{"taxonomy":"category","embeddable":true,"href":"https:\/\/247stiri.ro\/index.php\/wp-json\/wp\/v2\/categories?post=10352"},{"taxonomy":"post_tag","embeddable":true,"href":"https:\/\/247stiri.ro\/index.php\/wp-json\/wp\/v2\/tags?post=10352"}],"curies":[{"name":"wp","href":"https:\/\/api.w.org\/{rel}","templated":true}]}}