{"id":10366,"date":"2024-11-24T08:45:29","date_gmt":"2024-11-24T08:45:29","guid":{"rendered":"https:\/\/247stiri.ro\/index.php\/2024\/11\/24\/politist-de-frontiera-din-giurgiu-gasit-impuscat-in-cap-in-propriul-autoturism-barbatul-a-fost-transportat-la-spital\/"},"modified":"2024-11-24T08:45:29","modified_gmt":"2024-11-24T08:45:29","slug":"politist-de-frontiera-din-giurgiu-gasit-impuscat-in-cap-in-propriul-autoturism-barbatul-a-fost-transportat-la-spital","status":"publish","type":"post","link":"https:\/\/247stiri.ro\/index.php\/2024\/11\/24\/politist-de-frontiera-din-giurgiu-gasit-impuscat-in-cap-in-propriul-autoturism-barbatul-a-fost-transportat-la-spital\/","title":{"rendered":"Poli\u021bist de frontier\u0103 din Giurgiu, g\u0103sit \u00eempu\u0219cat \u00een cap, \u00een propriul autoturism. B\u0103rbatul a fost transportat la spital"},"content":{"rendered":"<p>B\u0103rbatul a fost transportat la Unitatea de Primiri Urgen\u021be Giurgiu, de c\u0103tre Serviciul de Asisten\u021b\u0103 Judiciar\u0103, incon\u0219tient, cu semne vitale.Cercet\u0103rile sunt efectuate de c\u0103tre Inspectoratul de Poli\u021bie Jude\u021bean Giurgiu, sub coordonarea unui procuror din cadrul Parchetului de pe l\u00e2ng\u0103 Judec\u0103toria Giurgiu, a transmis IPJ Giurgiu<\/p>\n<p>Poli\u021bistul de frontier\u0103 era planificat s\u0103 efectueze paza la sec\u021bia de votare nr. 121 din localitatea Fr\u0103te\u0219ti. Men\u021bion\u0103m faptul c\u0103 paza sec\u021biei este asigurat\u0103 \u00een prezent de subofi\u021berul Inspectoratului pentru Situa\u021bii de Urgen\u021b\u0103 care trebuia schimbat de colegul de la SPF Giurgiu.Poli\u021bistul de frontier\u0103, \u00een v\u00e2rst\u0103 de 22 de ani, este absolvent al \u0218colii de Preg\u0103tire a Agen\u021bilor Poli\u021biei de Frontier\u0103 Avram Iancu Oradea, promo\u021bie 2023, fiind \u00eencadrat la Sectorul Poli\u021biei de Frontier\u0103 Giurgiu la Compartimentul Ture Serviciu, a transmis IPJ Giurgiu.\u00a0<\/p>\n<p>Poli\u021bistul nu este \u00eenregistrat \u00een eviden\u021be cu un comportament dezadaptiv sau cu vreo restric\u021bie privind executarea serviciului sau portul armamentului din dotare, fiind evaluat ultima data \u00een cursul acestui an.<\/p>","protected":false},"excerpt":{"rendered":"<p>B\u0103rbatul a fost transportat la Unitatea de Primiri Urgen\u021be Giurgiu, de c\u0103tre Serviciul de Asisten\u021b\u0103&hellip;<\/p>\n","protected":false},"author":0,"featured_media":10367,"comment_status":"open","ping_status":"open","sticky":false,"template":"","format":"standard","meta":{"footnotes":""},"categories":[2],"tags":[],"class_list":["post-10366","post","type-post","status-publish","format-standard","has-post-thumbnail","hentry","category-actual"],"_links":{"self":[{"href":"https:\/\/247stiri.ro\/index.php\/wp-json\/wp\/v2\/posts\/10366","targetHints":{"allow":["GET"]}}],"collection":[{"href":"https:\/\/247stiri.ro\/index.php\/wp-json\/wp\/v2\/posts"}],"about":[{"href":"https:\/\/247stiri.ro\/index.php\/wp-json\/wp\/v2\/types\/post"}],"replies":[{"embeddable":true,"href":"https:\/\/247stiri.ro\/index.php\/wp-json\/wp\/v2\/comments?post=10366"}],"version-history":[{"count":0,"href":"https:\/\/247stiri.ro\/index.php\/wp-json\/wp\/v2\/posts\/10366\/revisions"}],"wp:featuredmedia":[{"embeddable":true,"href":"https:\/\/247stiri.ro\/index.php\/wp-json\/wp\/v2\/media\/10367"}],"wp:attachment":[{"href":"https:\/\/247stiri.ro\/index.php\/wp-json\/wp\/v2\/media?parent=10366"}],"wp:term":[{"taxonomy":"category","embeddable":true,"href":"https:\/\/247stiri.ro\/index.php\/wp-json\/wp\/v2\/categories?post=10366"},{"taxonomy":"post_tag","embeddable":true,"href":"https:\/\/247stiri.ro\/index.php\/wp-json\/wp\/v2\/tags?post=10366"}],"curies":[{"name":"wp","href":"https:\/\/api.w.org\/{rel}","templated":true}]}}