{"id":10390,"date":"2024-11-24T09:46:11","date_gmt":"2024-11-24T09:46:11","guid":{"rendered":"https:\/\/247stiri.ro\/index.php\/2024\/11\/24\/fostul-presedinte-traian-basescu-a-votat-ii-rog-sa-vina-la-vot-nimic-altceva-si-sa-opteze-pentru-ce-vor-in-continuare\/"},"modified":"2024-11-24T09:46:11","modified_gmt":"2024-11-24T09:46:11","slug":"fostul-presedinte-traian-basescu-a-votat-ii-rog-sa-vina-la-vot-nimic-altceva-si-sa-opteze-pentru-ce-vor-in-continuare","status":"publish","type":"post","link":"https:\/\/247stiri.ro\/index.php\/2024\/11\/24\/fostul-presedinte-traian-basescu-a-votat-ii-rog-sa-vina-la-vot-nimic-altceva-si-sa-opteze-pentru-ce-vor-in-continuare\/","title":{"rendered":"Fostul pre\u0219edinte Traian B\u0103sescu a votat: \u201e\u00cei rog s\u0103 vin\u0103 la vot, nimic altceva. \u015ei s\u0103 opteze pentru ce vor \u00een continuare\u201d"},"content":{"rendered":"<p>Traian B\u0103sescu s-a prezentat la o sec\u0163ie de votare \u00eempreun\u0103 cu so\u0163ia sa.<\/p>\n<p>\u00centrebat ce mesaj le transmite rom\u00e2nilor, fostul pre\u0219edinte le-a spus votan\u021bilor \u201es\u0103 vin\u0103 la vot \u0219i s\u0103 opteze pentru ce vor ei \u00een continuare\u201d.<\/p>\n<p>\u201eEu \u00eei rog s\u0103 vin\u0103 la vot, nimic altceva. \u015ei s\u0103 opteze pentru ce vor \u00een continuare. Altceva nu am ce s\u0103 le spun\u201d, a afirmat Traian B\u0103sescu.<\/p>\n<p>\u00centrebat dac\u0103 va vota cu sufletul 100% pentru un candidat, Traian B\u0103sescu a r\u0103spuns, r\u00e2z\u00e2nd: \u201eVotez cum vreau eu\u201d.<\/p>","protected":false},"excerpt":{"rendered":"<p>Traian B\u0103sescu s-a prezentat la o sec\u0163ie de votare \u00eempreun\u0103 cu so\u0163ia sa. \u00centrebat ce&hellip;<\/p>\n","protected":false},"author":0,"featured_media":10391,"comment_status":"open","ping_status":"open","sticky":false,"template":"","format":"standard","meta":{"footnotes":""},"categories":[3],"tags":[],"class_list":["post-10390","post","type-post","status-publish","format-standard","has-post-thumbnail","hentry","category-politica"],"_links":{"self":[{"href":"https:\/\/247stiri.ro\/index.php\/wp-json\/wp\/v2\/posts\/10390","targetHints":{"allow":["GET"]}}],"collection":[{"href":"https:\/\/247stiri.ro\/index.php\/wp-json\/wp\/v2\/posts"}],"about":[{"href":"https:\/\/247stiri.ro\/index.php\/wp-json\/wp\/v2\/types\/post"}],"replies":[{"embeddable":true,"href":"https:\/\/247stiri.ro\/index.php\/wp-json\/wp\/v2\/comments?post=10390"}],"version-history":[{"count":0,"href":"https:\/\/247stiri.ro\/index.php\/wp-json\/wp\/v2\/posts\/10390\/revisions"}],"wp:featuredmedia":[{"embeddable":true,"href":"https:\/\/247stiri.ro\/index.php\/wp-json\/wp\/v2\/media\/10391"}],"wp:attachment":[{"href":"https:\/\/247stiri.ro\/index.php\/wp-json\/wp\/v2\/media?parent=10390"}],"wp:term":[{"taxonomy":"category","embeddable":true,"href":"https:\/\/247stiri.ro\/index.php\/wp-json\/wp\/v2\/categories?post=10390"},{"taxonomy":"post_tag","embeddable":true,"href":"https:\/\/247stiri.ro\/index.php\/wp-json\/wp\/v2\/tags?post=10390"}],"curies":[{"name":"wp","href":"https:\/\/api.w.org\/{rel}","templated":true}]}}