{"id":10406,"date":"2024-11-24T09:46:13","date_gmt":"2024-11-24T09:46:13","guid":{"rendered":"https:\/\/247stiri.ro\/index.php\/2024\/11\/24\/trenuri-intarziate-din-cauza-vremii-cfr-intervine-pentru-indepartarea-arborilor-cazuti-pe-liniile-de-contact-ce-rute-sunt-afectate\/"},"modified":"2024-11-24T09:46:13","modified_gmt":"2024-11-24T09:46:13","slug":"trenuri-intarziate-din-cauza-vremii-cfr-intervine-pentru-indepartarea-arborilor-cazuti-pe-liniile-de-contact-ce-rute-sunt-afectate","status":"publish","type":"post","link":"https:\/\/247stiri.ro\/index.php\/2024\/11\/24\/trenuri-intarziate-din-cauza-vremii-cfr-intervine-pentru-indepartarea-arborilor-cazuti-pe-liniile-de-contact-ce-rute-sunt-afectate\/","title":{"rendered":"Trenuri \u00eent\u00e2rziate din cauza vremii. CFR intervine pentru \u00eendep\u0103rtarea arborilor c\u0103zu\u021bi pe liniile de contact. Ce rute sunt afectate"},"content":{"rendered":"<p>Compania men\u0163ioneaz\u0103 c\u0103 pe raza Sucursalei Regionale CF Ia\u015fi, pe sec\u0163iunea Lunca Ilvei &#8211; Gr\u0103dini\u0163a, \u00een cursul acestei dimine\u0163i (ora 04:14), din cauza arborilor c\u0103zu\u0163i s-a produs scoaterea de sub tensiune a liniei de contact, iar circula\u0163ia feroviar\u0103 a fost temporar oprit\u0103. La ora 08:23, urmare interven\u0163iilor cu personal specializat \u015fi utilaje, aceast\u0103 sec\u0163iune a fost redeschis\u0103 pentru circula\u0163ia trenurilor cu trac\u0163iune Diesel. A fost afectat\u0103 circula\u0163ia trenului R 5702, care a sta\u0163ionat \u00een sta\u0163ia Lunca Ilvei, urm\u00e2nd s\u0103 ajung\u0103 cu \u00eent\u00e2rziere la destina\u0163ie.Potrivit comunicatului de pres\u0103 al companiei, personalul feroviar al SRCF Ia\u015fi va ac\u0163iona pentru remedierea deranjamentului \u015fi repunerea sub tensiune a firului de contact, astfel \u00eenc\u00e2t circula\u0163ia s\u0103 poat\u0103 fi reluat\u0103 \u00een condi\u0163ii normale (cu trac\u0163iune electric\u0103).<\/p>\n<p><a title=\"Haos pe mai multe drumuri nationale. Mai multi copaci, victimele vantului puternic si ninsorilor\" href=\"https:\/\/www.realitatea.net\/stiri\/actual\/haos-pe-mai-multe-drumuri-nationale-mai-multi-copaci-victimele-vantului-puternic-si-a-ninsorilor_67419ae0fd32846b047afc8a\">Haos pe mai multe drumuri na\u021bionale. Mai mul\u021bi copaci, victimele v\u00e2ntului puternic \u0219i ninsorilor<\/a><\/p>\n<p>De asemenea, pe sec\u0163iunea Lunca Bradului &#8211; St\u00e2nceni (SRCF Bra\u015fov), circula\u0163ia trenurilor se realizeaz\u0103 \u00een continuare cu trac\u0163iune Diesel \u015fi se intervine pentru remedierea deranjamentului \u015fi repunerea sub tensiune a firului de contact, astfel \u00eenc\u00e2t s\u0103 se reia circula\u0163ia cu trac\u0163iune electric\u0103.\u00cen continuare, personalul de specialitate al CFR SA men\u0163ine leg\u0103tura cu to\u0163i operatorii de transport feroviar de c\u0103l\u0103tori \u015fi de marf\u0103 (OTF) astfel \u00eenc\u00e2t, func\u0163ie de evolu\u0163ia vremii, traficul feroviar s\u0103 fie asigurat pe toate magistralele feroviare. \u00cen situa\u0163ia \u00een care sunt necesare modific\u0103ri de grafic, to\u0163i operatorii de transport feroviar de c\u0103l\u0103tori sunt aviza\u0163i, astfel \u00eenc\u00e2t ace\u015ftia s\u0103 poat\u0103 publica pe site-urile proprii informa\u0163ii actualizate despre trenurile \u00eenscrise \u00een grafic.\u00cen aceast\u0103 perioad\u0103, angaja\u0163ii companiei CFR SA, administrator al infrastructurii feroviare, verific\u0103 starea infrastructurii pe toate sec\u0163iile de cale ferat\u0103, iar pe segmentele unde situa\u0163ia o impune se va interveni cu personal de specialitate \u015fi utilaje pentru remedierea tuturor deranjamentelor tehnice.<\/p>\n<p><a title=\"MAE, atentionare de calatorie pentru Italia! Greva in transportul feroviar pana duminica seara\" href=\"https:\/\/www.realitatea.net\/stiri\/actual\/mae-atentionare-de-calatorie-pentru-italia-greva-in-transportul-feroviar-pana-duminica-seara_6741efaa6a3d8d5014016613\">MAE, aten\u0163ionare de c\u0103l\u0103torie pentru Italia! Grev\u0103 \u00een transportul feroviar p\u00e2n\u0103 duminic\u0103 sear\u0103<\/a><\/p>","protected":false},"excerpt":{"rendered":"<p>Compania men\u0163ioneaz\u0103 c\u0103 pe raza Sucursalei Regionale CF Ia\u015fi, pe sec\u0163iunea Lunca Ilvei &#8211; Gr\u0103dini\u0163a,&hellip;<\/p>\n","protected":false},"author":0,"featured_media":10407,"comment_status":"open","ping_status":"open","sticky":false,"template":"","format":"standard","meta":{"footnotes":""},"categories":[2],"tags":[],"class_list":["post-10406","post","type-post","status-publish","format-standard","has-post-thumbnail","hentry","category-actual"],"_links":{"self":[{"href":"https:\/\/247stiri.ro\/index.php\/wp-json\/wp\/v2\/posts\/10406","targetHints":{"allow":["GET"]}}],"collection":[{"href":"https:\/\/247stiri.ro\/index.php\/wp-json\/wp\/v2\/posts"}],"about":[{"href":"https:\/\/247stiri.ro\/index.php\/wp-json\/wp\/v2\/types\/post"}],"replies":[{"embeddable":true,"href":"https:\/\/247stiri.ro\/index.php\/wp-json\/wp\/v2\/comments?post=10406"}],"version-history":[{"count":0,"href":"https:\/\/247stiri.ro\/index.php\/wp-json\/wp\/v2\/posts\/10406\/revisions"}],"wp:featuredmedia":[{"embeddable":true,"href":"https:\/\/247stiri.ro\/index.php\/wp-json\/wp\/v2\/media\/10407"}],"wp:attachment":[{"href":"https:\/\/247stiri.ro\/index.php\/wp-json\/wp\/v2\/media?parent=10406"}],"wp:term":[{"taxonomy":"category","embeddable":true,"href":"https:\/\/247stiri.ro\/index.php\/wp-json\/wp\/v2\/categories?post=10406"},{"taxonomy":"post_tag","embeddable":true,"href":"https:\/\/247stiri.ro\/index.php\/wp-json\/wp\/v2\/tags?post=10406"}],"curies":[{"name":"wp","href":"https:\/\/api.w.org\/{rel}","templated":true}]}}