{"id":10423,"date":"2024-11-24T10:44:48","date_gmt":"2024-11-24T10:44:48","guid":{"rendered":"https:\/\/247stiri.ro\/index.php\/2024\/11\/24\/ciprian-ciucu-dupa-ce-si-a-exercitat-dreptul-de-vot-am-votat-astazi-pentru-cel-mai-bun-candidat-la-presedintia-romaniei\/"},"modified":"2024-11-24T10:44:48","modified_gmt":"2024-11-24T10:44:48","slug":"ciprian-ciucu-dupa-ce-si-a-exercitat-dreptul-de-vot-am-votat-astazi-pentru-cel-mai-bun-candidat-la-presedintia-romaniei","status":"publish","type":"post","link":"https:\/\/247stiri.ro\/index.php\/2024\/11\/24\/ciprian-ciucu-dupa-ce-si-a-exercitat-dreptul-de-vot-am-votat-astazi-pentru-cel-mai-bun-candidat-la-presedintia-romaniei\/","title":{"rendered":"Ciprian Ciucu, dup\u0103 ce \u0219i-a exercitat dreptul de vot: \u201eAm votat ast\u0103zi pentru cel mai bun candidat la Pre\u015fedin\u0163ia Rom\u00e2niei\u201d"},"content":{"rendered":"<p>\u201eAm votat ast\u0103zi pentru cel mai bun candidat la Pre\u015fedin\u0163ia Rom\u00e2niei, cel care \u00een acest context este de departe cel mai bun, se deta\u015feaz\u0103 de ceilal\u0163i prin faptul c\u0103 are o experien\u0163\u0103 foarte, foarte bun\u0103 \u015fi foarte relevant\u0103 pentru pozi\u0163ia de pre\u015fedinte al Rom\u00e2niei\u201d, a precizat Ciprian Ciucu, duminic\u0103, la ie\u015firea de la urne.<\/p>\n<p>El i-a \u00eendemnat pe bucure\u015fteni s\u0103 mearg\u0103 s\u0103 voteze, deoarece dreptul la vot este fundamental \u00een democra\u0163ie.<\/p>\n<p>\u201eEste important s\u0103 ne exercit\u0103m acest drept fundamental \u00een democra\u0163ie, pentru c\u0103 nu se poate s\u0103 ai o democra\u0163ie f\u0103r\u0103 voturi. S\u0103 veni\u0163i \u00een num\u0103r c\u00e2t mai mare \u015fi s\u0103 v\u0103 exprima\u0163i op\u0163iunile\u201d, a transmis Ciprian Ciucu.<\/p>","protected":false},"excerpt":{"rendered":"<p>\u201eAm votat ast\u0103zi pentru cel mai bun candidat la Pre\u015fedin\u0163ia Rom\u00e2niei, cel care \u00een acest&hellip;<\/p>\n","protected":false},"author":0,"featured_media":10424,"comment_status":"open","ping_status":"open","sticky":false,"template":"","format":"standard","meta":{"footnotes":""},"categories":[3],"tags":[],"class_list":["post-10423","post","type-post","status-publish","format-standard","has-post-thumbnail","hentry","category-politica"],"_links":{"self":[{"href":"https:\/\/247stiri.ro\/index.php\/wp-json\/wp\/v2\/posts\/10423","targetHints":{"allow":["GET"]}}],"collection":[{"href":"https:\/\/247stiri.ro\/index.php\/wp-json\/wp\/v2\/posts"}],"about":[{"href":"https:\/\/247stiri.ro\/index.php\/wp-json\/wp\/v2\/types\/post"}],"replies":[{"embeddable":true,"href":"https:\/\/247stiri.ro\/index.php\/wp-json\/wp\/v2\/comments?post=10423"}],"version-history":[{"count":0,"href":"https:\/\/247stiri.ro\/index.php\/wp-json\/wp\/v2\/posts\/10423\/revisions"}],"wp:featuredmedia":[{"embeddable":true,"href":"https:\/\/247stiri.ro\/index.php\/wp-json\/wp\/v2\/media\/10424"}],"wp:attachment":[{"href":"https:\/\/247stiri.ro\/index.php\/wp-json\/wp\/v2\/media?parent=10423"}],"wp:term":[{"taxonomy":"category","embeddable":true,"href":"https:\/\/247stiri.ro\/index.php\/wp-json\/wp\/v2\/categories?post=10423"},{"taxonomy":"post_tag","embeddable":true,"href":"https:\/\/247stiri.ro\/index.php\/wp-json\/wp\/v2\/tags?post=10423"}],"curies":[{"name":"wp","href":"https:\/\/api.w.org\/{rel}","templated":true}]}}