{"id":10425,"date":"2024-11-24T10:44:48","date_gmt":"2024-11-24T10:44:48","guid":{"rendered":"https:\/\/247stiri.ro\/index.php\/2024\/11\/24\/ancheta-a-politiei-capitalei-dupa-ce-europarlamentarul-diana-sosoaca-s-a-filmat-in-cabina-de-vot-liderul-sos-romania-a-desenat-un-patratel-si-s-a-votat-singura\/"},"modified":"2024-11-24T10:44:48","modified_gmt":"2024-11-24T10:44:48","slug":"ancheta-a-politiei-capitalei-dupa-ce-europarlamentarul-diana-sosoaca-s-a-filmat-in-cabina-de-vot-liderul-sos-romania-a-desenat-un-patratel-si-s-a-votat-singura","status":"publish","type":"post","link":"https:\/\/247stiri.ro\/index.php\/2024\/11\/24\/ancheta-a-politiei-capitalei-dupa-ce-europarlamentarul-diana-sosoaca-s-a-filmat-in-cabina-de-vot-liderul-sos-romania-a-desenat-un-patratel-si-s-a-votat-singura\/","title":{"rendered":"Anchet\u0103 a Poli\u0163iei Capitalei dup\u0103 ce europarlamentarul Diana \u0218o\u0219oac\u0103 s-a filmat \u00een cabina de vot. Liderul SOS Rom\u00e2nia a desenat un p\u0103tr\u0103\u021bel \u0219i s-a votat singur\u0103"},"content":{"rendered":"<p>Potrivit Poli\u0163iei Capitalei, poli\u0163i\u015fti din cadrul Direc\u0163iei Generale de Poli\u0163ie a Municipiului Bucure\u015fti \u2013 Sec\u0163ia 6 Poli\u0163ie au fost sesiza\u0163i, duminic\u0103, despre faptul c\u0103 o femeie, europarlamentar, ar fi realizat un clip video, \u00een interiorul cabinei de votare.<\/p>\n\n<p>\u201dVerific\u0103rile sunt continuate de c\u0103tre poli\u0163i\u015fti din cadrul Sec\u0163iei 6 Poli\u0163ie, pentru posibila \u00eenc\u0103lcare a normelor art. 55 lit. m) raportat la art 56 alin. (1 ) din Legea nr. 370\/2004, privind fotografierea sau filmarea prin orice mijloace a buletinului de vot \u015fi \u00een vederea lu\u0103rii m\u0103surilor legale ce se impun\u201d, a transmis sursa citat\u0103.\u00a0Europarlamentarul Diana \u015eo\u015foac\u0103 a publicat, duminic\u0103, pe contul s\u0103u de Facebook mai multe fotografii cu buletine de vot pe care a fost ad\u0103ugat, cu pixul, numele s\u0103u al\u0103turi de cele ale candida\u0163ilor la alegerile preziden\u0163iale, peste care a fost aplicat\u0103 \u015ftampila \u201dVotat\u201d.\u00a0Reamintim c\u0103 Curtea Constitu\u0163ional\u0103 a Rom\u00e2niei a respins, \u00een octombrie, candidatura Dianei \u015eo\u015foac\u0103 la alegerile preziden\u0163iale, fapt ce a st\u00e2rnit un real scandal pe scena politic\u0103.<\/p>","protected":false},"excerpt":{"rendered":"<p>Potrivit Poli\u0163iei Capitalei, poli\u0163i\u015fti din cadrul Direc\u0163iei Generale de Poli\u0163ie a Municipiului Bucure\u015fti \u2013 Sec\u0163ia&hellip;<\/p>\n","protected":false},"author":0,"featured_media":10426,"comment_status":"open","ping_status":"open","sticky":false,"template":"","format":"standard","meta":{"footnotes":""},"categories":[3],"tags":[],"class_list":["post-10425","post","type-post","status-publish","format-standard","has-post-thumbnail","hentry","category-politica"],"_links":{"self":[{"href":"https:\/\/247stiri.ro\/index.php\/wp-json\/wp\/v2\/posts\/10425","targetHints":{"allow":["GET"]}}],"collection":[{"href":"https:\/\/247stiri.ro\/index.php\/wp-json\/wp\/v2\/posts"}],"about":[{"href":"https:\/\/247stiri.ro\/index.php\/wp-json\/wp\/v2\/types\/post"}],"replies":[{"embeddable":true,"href":"https:\/\/247stiri.ro\/index.php\/wp-json\/wp\/v2\/comments?post=10425"}],"version-history":[{"count":0,"href":"https:\/\/247stiri.ro\/index.php\/wp-json\/wp\/v2\/posts\/10425\/revisions"}],"wp:featuredmedia":[{"embeddable":true,"href":"https:\/\/247stiri.ro\/index.php\/wp-json\/wp\/v2\/media\/10426"}],"wp:attachment":[{"href":"https:\/\/247stiri.ro\/index.php\/wp-json\/wp\/v2\/media?parent=10425"}],"wp:term":[{"taxonomy":"category","embeddable":true,"href":"https:\/\/247stiri.ro\/index.php\/wp-json\/wp\/v2\/categories?post=10425"},{"taxonomy":"post_tag","embeddable":true,"href":"https:\/\/247stiri.ro\/index.php\/wp-json\/wp\/v2\/tags?post=10425"}],"curies":[{"name":"wp","href":"https:\/\/api.w.org\/{rel}","templated":true}]}}