{"id":10427,"date":"2024-11-24T10:44:48","date_gmt":"2024-11-24T10:44:48","guid":{"rendered":"https:\/\/247stiri.ro\/index.php\/2024\/11\/24\/alina-gorghiu-a-votat-si-a-transmis-un-indemn-tuturor-romanilor-am-votat-fara-rezerve-fara-ezitari-cu-toata-inima-le-recomand-romanilor-sa-aiba-incredere-intr-un-om-cu-familie-frumoasa-c\/"},"modified":"2024-11-24T10:44:48","modified_gmt":"2024-11-24T10:44:48","slug":"alina-gorghiu-a-votat-si-a-transmis-un-indemn-tuturor-romanilor-am-votat-fara-rezerve-fara-ezitari-cu-toata-inima-le-recomand-romanilor-sa-aiba-incredere-intr-un-om-cu-familie-frumoasa-c","status":"publish","type":"post","link":"https:\/\/247stiri.ro\/index.php\/2024\/11\/24\/alina-gorghiu-a-votat-si-a-transmis-un-indemn-tuturor-romanilor-am-votat-fara-rezerve-fara-ezitari-cu-toata-inima-le-recomand-romanilor-sa-aiba-incredere-intr-un-om-cu-familie-frumoasa-c\/","title":{"rendered":"Alina Gorghiu a votat \u0219i a transmis un \u00eendemn tuturor rom\u00e2nilor: \u201eAm votat f\u0103r\u0103 rezerve, f\u0103r\u0103 ezit\u0103ri, cu toat\u0103 inima. Le recomand rom\u00e2nilor s\u0103 aib\u0103 \u00eencredere \u00eentr-un om cu familie frumoas\u0103, care nu pozeaz\u0103 \u00een ce nu e\u201d"},"content":{"rendered":"<p>\u201eLe recomand arge\u015fenilor s\u0103 ias\u0103 la vot, s\u0103 aib\u0103 \u00eencredere \u00eentr-un om cu familie frumoas\u0103, care nu pozeaz\u0103 \u00een ce nu e\u201d, a scris Gorghiu pe Facebook.<\/p>\n<p>Alina Gorghiu a votat la o sec\u0163ie amenajat\u0103 \u00een localitatea B\u0103icule\u015fti din Arge\u015f. Gorghiu conduce conduce filiala jude\u0163ean\u0103 a PNL Arge\u015f.<\/p>\n<p>\u201eAm votat f\u0103r\u0103 rezerve, f\u0103r\u0103 ezit\u0103ri, cu toat\u0103 inima, acas\u0103, \u00een Arge\u015f, \u00een B\u0103icule\u015fti. Pentru mine primeaz\u0103 familia \u015fi siguran\u0163a ei. Pentru asta am votat ast\u0103zi. Oameni buni, hai la vot! Le recomand arge\u015fenilor s\u0103 ias\u0103 la vot, s\u0103 aib\u0103 \u00eencredere \u00eentr-un om cu familie frumoas\u0103, care nu pozeaz\u0103 \u00een ce nu e. \u00centr-un om care a avut o carier\u0103 \u00een slujba \u0163\u0103rii, care \u015ftie s\u0103 fie pre\u015fedinte din prima zi, pentru noi to\u0163i\u201d, a scria Alina Gorghiu, pe Facebook.<\/p>","protected":false},"excerpt":{"rendered":"<p>\u201eLe recomand arge\u015fenilor s\u0103 ias\u0103 la vot, s\u0103 aib\u0103 \u00eencredere \u00eentr-un om cu familie frumoas\u0103,&hellip;<\/p>\n","protected":false},"author":0,"featured_media":10428,"comment_status":"open","ping_status":"open","sticky":false,"template":"","format":"standard","meta":{"footnotes":""},"categories":[3],"tags":[],"class_list":["post-10427","post","type-post","status-publish","format-standard","has-post-thumbnail","hentry","category-politica"],"_links":{"self":[{"href":"https:\/\/247stiri.ro\/index.php\/wp-json\/wp\/v2\/posts\/10427","targetHints":{"allow":["GET"]}}],"collection":[{"href":"https:\/\/247stiri.ro\/index.php\/wp-json\/wp\/v2\/posts"}],"about":[{"href":"https:\/\/247stiri.ro\/index.php\/wp-json\/wp\/v2\/types\/post"}],"replies":[{"embeddable":true,"href":"https:\/\/247stiri.ro\/index.php\/wp-json\/wp\/v2\/comments?post=10427"}],"version-history":[{"count":0,"href":"https:\/\/247stiri.ro\/index.php\/wp-json\/wp\/v2\/posts\/10427\/revisions"}],"wp:featuredmedia":[{"embeddable":true,"href":"https:\/\/247stiri.ro\/index.php\/wp-json\/wp\/v2\/media\/10428"}],"wp:attachment":[{"href":"https:\/\/247stiri.ro\/index.php\/wp-json\/wp\/v2\/media?parent=10427"}],"wp:term":[{"taxonomy":"category","embeddable":true,"href":"https:\/\/247stiri.ro\/index.php\/wp-json\/wp\/v2\/categories?post=10427"},{"taxonomy":"post_tag","embeddable":true,"href":"https:\/\/247stiri.ro\/index.php\/wp-json\/wp\/v2\/tags?post=10427"}],"curies":[{"name":"wp","href":"https:\/\/api.w.org\/{rel}","templated":true}]}}