{"id":10449,"date":"2024-11-24T11:46:07","date_gmt":"2024-11-24T11:46:07","guid":{"rendered":"https:\/\/247stiri.ro\/index.php\/2024\/11\/24\/raluca-turcan-pnl-am-votat-cu-mintea-clara-si-cu-inima-plina-pentru-un-presedinte-care-sa-ofere-societatii-romanesti-onoare-decenta-omenie\/"},"modified":"2024-11-24T11:46:07","modified_gmt":"2024-11-24T11:46:07","slug":"raluca-turcan-pnl-am-votat-cu-mintea-clara-si-cu-inima-plina-pentru-un-presedinte-care-sa-ofere-societatii-romanesti-onoare-decenta-omenie","status":"publish","type":"post","link":"https:\/\/247stiri.ro\/index.php\/2024\/11\/24\/raluca-turcan-pnl-am-votat-cu-mintea-clara-si-cu-inima-plina-pentru-un-presedinte-care-sa-ofere-societatii-romanesti-onoare-decenta-omenie\/","title":{"rendered":"Raluca Turcan (PNL): \u201eAm votat cu mintea clar\u0103 \u015fi cu inima plin\u0103 pentru un pre\u015fedinte care s\u0103 ofere societ\u0103\u0163ii rom\u00e2ne\u015fti onoare, decen\u0163\u0103, omenie\u201d"},"content":{"rendered":"<p>\u201eAm votat cu mintea clar\u0103 \u015fi cu inima plin\u0103 pentru un pre\u015fedinte care s\u0103 ofere societ\u0103\u0163ii rom\u00e2ne\u015fti onoare, decen\u0163\u0103, omenie. \u00cei \u00eendemn pe to\u0163i sibienii, pe to\u0163i rom\u00e2nii, s\u0103 mearg\u0103 la vot, s\u0103 \u00ee\u015fi exercite dreptul de a-\u015fi alege pre\u015fedintele, un drept pe care acum 35 de ani nici nu ni l-am imaginat. Cred c\u0103 ast\u0103zi este ziua \u00een care puterea este \u00een m\u00e2inile oamenilor \u015fi democra\u0163ia se tr\u0103ie\u015fte din plin\u201d, a declarat Raluca Turcan duminic\u0103, la ie\u015firea de la urne.Raluca Turcan a votat duminic\u0103 la sec\u0163ia de votare din cadrul Colegiului Na\u0163ional Octavian Goga, fiind \u00eenso\u0163it\u0103 de Daniela C\u00eempean, pre\u015fedintele Consiliului Jude\u0163ean Sibiu \u015fi candida\u0163i liberali la alegerile parlamentare.<\/p>","protected":false},"excerpt":{"rendered":"<p>\u201eAm votat cu mintea clar\u0103 \u015fi cu inima plin\u0103 pentru un pre\u015fedinte care s\u0103 ofere&hellip;<\/p>\n","protected":false},"author":0,"featured_media":10450,"comment_status":"open","ping_status":"open","sticky":false,"template":"","format":"standard","meta":{"footnotes":""},"categories":[3],"tags":[],"class_list":["post-10449","post","type-post","status-publish","format-standard","has-post-thumbnail","hentry","category-politica"],"_links":{"self":[{"href":"https:\/\/247stiri.ro\/index.php\/wp-json\/wp\/v2\/posts\/10449","targetHints":{"allow":["GET"]}}],"collection":[{"href":"https:\/\/247stiri.ro\/index.php\/wp-json\/wp\/v2\/posts"}],"about":[{"href":"https:\/\/247stiri.ro\/index.php\/wp-json\/wp\/v2\/types\/post"}],"replies":[{"embeddable":true,"href":"https:\/\/247stiri.ro\/index.php\/wp-json\/wp\/v2\/comments?post=10449"}],"version-history":[{"count":0,"href":"https:\/\/247stiri.ro\/index.php\/wp-json\/wp\/v2\/posts\/10449\/revisions"}],"wp:featuredmedia":[{"embeddable":true,"href":"https:\/\/247stiri.ro\/index.php\/wp-json\/wp\/v2\/media\/10450"}],"wp:attachment":[{"href":"https:\/\/247stiri.ro\/index.php\/wp-json\/wp\/v2\/media?parent=10449"}],"wp:term":[{"taxonomy":"category","embeddable":true,"href":"https:\/\/247stiri.ro\/index.php\/wp-json\/wp\/v2\/categories?post=10449"},{"taxonomy":"post_tag","embeddable":true,"href":"https:\/\/247stiri.ro\/index.php\/wp-json\/wp\/v2\/tags?post=10449"}],"curies":[{"name":"wp","href":"https:\/\/api.w.org\/{rel}","templated":true}]}}