{"id":10456,"date":"2024-11-24T11:46:08","date_gmt":"2024-11-24T11:46:08","guid":{"rendered":"https:\/\/247stiri.ro\/index.php\/2024\/11\/24\/alegeri-prezidentiale-2024-anca-alexandrescu-lupta-se-da-pentru-locul-2-si-pot-sa-va-spun-ca-este-una-foarte-stransa\/"},"modified":"2024-11-24T11:46:08","modified_gmt":"2024-11-24T11:46:08","slug":"alegeri-prezidentiale-2024-anca-alexandrescu-lupta-se-da-pentru-locul-2-si-pot-sa-va-spun-ca-este-una-foarte-stransa","status":"publish","type":"post","link":"https:\/\/247stiri.ro\/index.php\/2024\/11\/24\/alegeri-prezidentiale-2024-anca-alexandrescu-lupta-se-da-pentru-locul-2-si-pot-sa-va-spun-ca-este-una-foarte-stransa\/","title":{"rendered":"Alegeri preziden\u021biale 2024 &#8211; Anca Alexandrescu: Lupta se d\u0103 pentru locul 2 \u0219i pot s\u0103 v\u0103 spun c\u0103 este una foarte str\u00e2ns\u0103"},"content":{"rendered":"<p>&#8222;Vreau s\u0103 spun este c\u0103 pentru prima dat\u0103 avem un num\u0103r at\u00e2t de mare de candida\u021bi care au trecut de 5%, lupta se d\u0103 pentru locul 2 \u0219i pot s\u0103 v\u0103 spun c\u0103 este una foarte str\u00e2ns\u0103, sunt 3 candida\u021bi care se lupta pentru aceast\u0103 pozi\u021bie.<\/p>\n<p>Acest num\u0103r mare de candida\u021bi care trec de 5% arat\u0103 de fapt o Rom\u00e2nie extrem de \u00eemp\u0103r\u021bit\u0103, nu mai este \u00een doua, ci una f\u0103r\u00e2mi\u021bat\u0103. M\u0103 feresc s\u0103 spun c\u0103 sunt r\u0103sturn\u0103ri de situa\u021bie, avem datele exit poll-urilor de la ora 11, sunt \u00eenc\u0103 irelevante pentru vorbi de r\u0103sturn\u0103ri de situa\u021bie.\u00a0<\/p>\n<p><a href=\"https:\/\/www.realitatea.net\/stiri\/politica\/24-noiembrie-ziua-in-care-romania-decide-realitatea-plus-mutare-de-impact-prima-televiziune-care-va-prezenta-rezultatele-exitpoll_673c6c203042461dc80e8f12\" target=\"_blank\">24 noiembrie, ziua \u00een care Rom\u00e2nia decide. Realitatea PLUS, mutare de impact: prima televiziune care va prezenta rezultatele EXIT-POLL<\/a><\/p>\n<p>Sunt jocuri, asta v\u0103 pot spune cu siguran\u021b\u0103, este foarte clar c\u0103 anumi\u021bi candida\u021bi care au fost ajuta\u021bi pe re\u021belele de socializare sau \u00een alte zone au fost de fapt ajuta\u021bi \u00een folosul altor candida\u021bi. \u00cen aceast\u0103 sear\u0103, de la 23:30, \u00eentr-o edi\u021bie special\u0103 care va dura p\u00e2n\u0103 la ora 1:00 vom aduce toate informa\u021biile la cald&#8221;, a afirmat realizatoarea emisiunii Culisele Statului Paralel.<\/p>\n<p>\u00a0<\/p>","protected":false},"excerpt":{"rendered":"<p>&#8222;Vreau s\u0103 spun este c\u0103 pentru prima dat\u0103 avem un num\u0103r at\u00e2t de mare de&hellip;<\/p>\n","protected":false},"author":0,"featured_media":10446,"comment_status":"open","ping_status":"open","sticky":false,"template":"","format":"standard","meta":{"footnotes":""},"categories":[2],"tags":[],"class_list":["post-10456","post","type-post","status-publish","format-standard","has-post-thumbnail","hentry","category-actual"],"_links":{"self":[{"href":"https:\/\/247stiri.ro\/index.php\/wp-json\/wp\/v2\/posts\/10456","targetHints":{"allow":["GET"]}}],"collection":[{"href":"https:\/\/247stiri.ro\/index.php\/wp-json\/wp\/v2\/posts"}],"about":[{"href":"https:\/\/247stiri.ro\/index.php\/wp-json\/wp\/v2\/types\/post"}],"replies":[{"embeddable":true,"href":"https:\/\/247stiri.ro\/index.php\/wp-json\/wp\/v2\/comments?post=10456"}],"version-history":[{"count":0,"href":"https:\/\/247stiri.ro\/index.php\/wp-json\/wp\/v2\/posts\/10456\/revisions"}],"wp:featuredmedia":[{"embeddable":true,"href":"https:\/\/247stiri.ro\/index.php\/wp-json\/wp\/v2\/media\/10446"}],"wp:attachment":[{"href":"https:\/\/247stiri.ro\/index.php\/wp-json\/wp\/v2\/media?parent=10456"}],"wp:term":[{"taxonomy":"category","embeddable":true,"href":"https:\/\/247stiri.ro\/index.php\/wp-json\/wp\/v2\/categories?post=10456"},{"taxonomy":"post_tag","embeddable":true,"href":"https:\/\/247stiri.ro\/index.php\/wp-json\/wp\/v2\/tags?post=10456"}],"curies":[{"name":"wp","href":"https:\/\/api.w.org\/{rel}","templated":true}]}}