{"id":10487,"date":"2024-11-24T12:44:50","date_gmt":"2024-11-24T12:44:50","guid":{"rendered":"https:\/\/247stiri.ro\/index.php\/2024\/11\/24\/femeie-ucisa-si-talharita-in-propria-casa-in-tulcea-barbatul-care-a-omorat-o-lucra-la-reabilitarea-fatadei-blocului-unde-locuia-victima\/"},"modified":"2024-11-24T12:44:50","modified_gmt":"2024-11-24T12:44:50","slug":"femeie-ucisa-si-talharita-in-propria-casa-in-tulcea-barbatul-care-a-omorat-o-lucra-la-reabilitarea-fatadei-blocului-unde-locuia-victima","status":"publish","type":"post","link":"https:\/\/247stiri.ro\/index.php\/2024\/11\/24\/femeie-ucisa-si-talharita-in-propria-casa-in-tulcea-barbatul-care-a-omorat-o-lucra-la-reabilitarea-fatadei-blocului-unde-locuia-victima\/","title":{"rendered":"Femeie ucis\u0103 \u015fi t\u00e2lh\u0103rit\u0103 \u00een propria cas\u0103, \u00een Tulcea. B\u0103rbatul care a omor\u00e2t-o lucra la reabilitarea fa\u0163adei blocului unde locuia victima"},"content":{"rendered":"<p>Incident \u0219ocant s\u00e2mb\u0103t\u0103 seara, \u00een municipiul Tulcea. O b\u0103tr\u00e2n\u0103 a fost ucis\u0103 \u00een propriul apartament de un b\u0103rbat care lucra cu o echip\u0103 de muncitori, pe schele, la reabilitarea fa\u0163adei blocului \u00een care locuia victima.<\/p>\n<p>Conform informa\u021biilor existente, agresorul a intrat pe geam \u00een apartamentul unde b\u0103tr\u00e2na locuia singur\u0103. Individul a asfixiat-o pe femeia, i-a furat inelele \u015fi a plecat lini\u015ftit la treab\u0103, l\u0103s\u00e2nd-o pe aceasta f\u0103r\u0103 suflare.<\/p>\n<p>Poli\u0163i\u015ftii l-au identificat pe criminal \u015fi l-au dus la audieri, urm\u00e2nd ca \u00een cursul zilei de ast\u0103zi acesta s\u0103 fie dus \u00een fata judec\u0103torilor pentru arestare preventiv\u0103, pentru infrac\u0163iuni asimilate t\u00e2lh\u0103riei \u015fi omorului.<\/p>\n<p>Potrivit presei locale, b\u0103rbatul este recidivist, nu este tulcean \u015fi ara angajat al unei firme care se ocup\u0103 cu reabilitarea blocurilor din zon\u0103.<\/p>\n<p>Fiind recidivist \u015fi pentru gravitatea faptelor sale, acesta risc\u0103 pu\u015fc\u0103rie pe via\u0163\u0103.<\/p>","protected":false},"excerpt":{"rendered":"<p>Incident \u0219ocant s\u00e2mb\u0103t\u0103 seara, \u00een municipiul Tulcea. O b\u0103tr\u00e2n\u0103 a fost ucis\u0103 \u00een propriul apartament&hellip;<\/p>\n","protected":false},"author":0,"featured_media":10488,"comment_status":"open","ping_status":"open","sticky":false,"template":"","format":"standard","meta":{"footnotes":""},"categories":[2],"tags":[],"class_list":["post-10487","post","type-post","status-publish","format-standard","has-post-thumbnail","hentry","category-actual"],"_links":{"self":[{"href":"https:\/\/247stiri.ro\/index.php\/wp-json\/wp\/v2\/posts\/10487","targetHints":{"allow":["GET"]}}],"collection":[{"href":"https:\/\/247stiri.ro\/index.php\/wp-json\/wp\/v2\/posts"}],"about":[{"href":"https:\/\/247stiri.ro\/index.php\/wp-json\/wp\/v2\/types\/post"}],"replies":[{"embeddable":true,"href":"https:\/\/247stiri.ro\/index.php\/wp-json\/wp\/v2\/comments?post=10487"}],"version-history":[{"count":0,"href":"https:\/\/247stiri.ro\/index.php\/wp-json\/wp\/v2\/posts\/10487\/revisions"}],"wp:featuredmedia":[{"embeddable":true,"href":"https:\/\/247stiri.ro\/index.php\/wp-json\/wp\/v2\/media\/10488"}],"wp:attachment":[{"href":"https:\/\/247stiri.ro\/index.php\/wp-json\/wp\/v2\/media?parent=10487"}],"wp:term":[{"taxonomy":"category","embeddable":true,"href":"https:\/\/247stiri.ro\/index.php\/wp-json\/wp\/v2\/categories?post=10487"},{"taxonomy":"post_tag","embeddable":true,"href":"https:\/\/247stiri.ro\/index.php\/wp-json\/wp\/v2\/tags?post=10487"}],"curies":[{"name":"wp","href":"https:\/\/api.w.org\/{rel}","templated":true}]}}