{"id":10512,"date":"2024-11-24T13:45:07","date_gmt":"2024-11-24T13:45:07","guid":{"rendered":"https:\/\/247stiri.ro\/index.php\/2024\/11\/24\/familia-lui-gabriel-cotabita-mesaj-pentru-admiratorii-artistului-suntem-recunoscatori-pentru-tot-sprijinul-primit-in-aceasta-perioada\/"},"modified":"2024-11-24T13:45:07","modified_gmt":"2024-11-24T13:45:07","slug":"familia-lui-gabriel-cotabita-mesaj-pentru-admiratorii-artistului-suntem-recunoscatori-pentru-tot-sprijinul-primit-in-aceasta-perioada","status":"publish","type":"post","link":"https:\/\/247stiri.ro\/index.php\/2024\/11\/24\/familia-lui-gabriel-cotabita-mesaj-pentru-admiratorii-artistului-suntem-recunoscatori-pentru-tot-sprijinul-primit-in-aceasta-perioada\/","title":{"rendered":"Familia lui Gabriel Cotabi\u021b\u0103, mesaj pentru admiratorii artistului: \u201eSuntem recunosc\u0103tori pentru tot sprijinul primit \u00een aceast\u0103 perioad\u0103\u201d"},"content":{"rendered":"<p>\u201eSuntem recunosc\u0103toare pentru tot sprijinul primit \u00een aceast\u0103 perioad\u0103.\u00a0Gabriel Cotabi\u021b\u0103 reprezint\u0103 un etalon al profesionalismului \u00een muzica u\u0219oar\u0103 rom\u00e2neasc\u0103 dar \u0219i un tat\u0103, so\u021b \u0219i prieten excep\u021bional. Cei ce vor s\u0103 \u00eei aduc\u0103 un ultim omagiu sunt a\u0219tepta\u021bi luni &#8211; 25.11.2024 &#8211; la Capela Cimitirului Ortodox Bellu \u00eentre orele 08:00-20:00.\u00a0Ultima slujb\u0103 religioas\u0103 se va \u021bine \u00een cadru restr\u00e2ns.\u00a0Dorim s\u0103 \u00eel onor\u0103m cu aceea\u0219i discre\u021bie \u0219i elegan\u021b\u0103 de care a dat dovad\u0103 \u00een timpul vie\u021bii, a\u0219adar familia nu va oferi declara\u021bii.\u00a0V\u0103 mul\u021bumim pentru \u00een\u021belegere \u0219i rug\u0103m presa s\u0103 ne respecte \u00een continuare intimitatea.\u00a0Cu recuno\u0219tin\u021b\u0103,Familia Cotabi\u021b\u0103\u201d, a transmis familia lui Gabriel Cotabi\u021b\u0103 \u00eentr-o postare pe Facebook.\u00a0<\/p>","protected":false},"excerpt":{"rendered":"<p>\u201eSuntem recunosc\u0103toare pentru tot sprijinul primit \u00een aceast\u0103 perioad\u0103.\u00a0Gabriel Cotabi\u021b\u0103 reprezint\u0103 un etalon al profesionalismului&hellip;<\/p>\n","protected":false},"author":0,"featured_media":10513,"comment_status":"open","ping_status":"open","sticky":false,"template":"","format":"standard","meta":{"footnotes":""},"categories":[2],"tags":[],"class_list":["post-10512","post","type-post","status-publish","format-standard","has-post-thumbnail","hentry","category-actual"],"_links":{"self":[{"href":"https:\/\/247stiri.ro\/index.php\/wp-json\/wp\/v2\/posts\/10512","targetHints":{"allow":["GET"]}}],"collection":[{"href":"https:\/\/247stiri.ro\/index.php\/wp-json\/wp\/v2\/posts"}],"about":[{"href":"https:\/\/247stiri.ro\/index.php\/wp-json\/wp\/v2\/types\/post"}],"replies":[{"embeddable":true,"href":"https:\/\/247stiri.ro\/index.php\/wp-json\/wp\/v2\/comments?post=10512"}],"version-history":[{"count":0,"href":"https:\/\/247stiri.ro\/index.php\/wp-json\/wp\/v2\/posts\/10512\/revisions"}],"wp:featuredmedia":[{"embeddable":true,"href":"https:\/\/247stiri.ro\/index.php\/wp-json\/wp\/v2\/media\/10513"}],"wp:attachment":[{"href":"https:\/\/247stiri.ro\/index.php\/wp-json\/wp\/v2\/media?parent=10512"}],"wp:term":[{"taxonomy":"category","embeddable":true,"href":"https:\/\/247stiri.ro\/index.php\/wp-json\/wp\/v2\/categories?post=10512"},{"taxonomy":"post_tag","embeddable":true,"href":"https:\/\/247stiri.ro\/index.php\/wp-json\/wp\/v2\/tags?post=10512"}],"curies":[{"name":"wp","href":"https:\/\/api.w.org\/{rel}","templated":true}]}}