{"id":10537,"date":"2024-11-24T14:45:20","date_gmt":"2024-11-24T14:45:20","guid":{"rendered":"https:\/\/247stiri.ro\/index.php\/2024\/11\/24\/controverse-la-kremlin-putin-l-a-demis-pe-un-general-care-a-mintit-in-legatura-cu-succesele-din-ucraina\/"},"modified":"2024-11-24T14:45:20","modified_gmt":"2024-11-24T14:45:20","slug":"controverse-la-kremlin-putin-l-a-demis-pe-un-general-care-a-mintit-in-legatura-cu-succesele-din-ucraina","status":"publish","type":"post","link":"https:\/\/247stiri.ro\/index.php\/2024\/11\/24\/controverse-la-kremlin-putin-l-a-demis-pe-un-general-care-a-mintit-in-legatura-cu-succesele-din-ucraina\/","title":{"rendered":"Controverse la Kremlin. Putin l-a demis pe un general care a min\u021bit \u00een leg\u0103tur\u0103 cu &#8222;succesele&#8221; din Ucraina"},"content":{"rendered":"<p>Mass-media din Rusia citeaz\u0103 surse neoficiale care afirm\u0103 c\u0103 general-colonel Ghennadi Ana\u0219kin, comandantul grupului de trupe Sud, ar fi transmis rapoarte \u00een\u0219el\u0103toare despre progresul r\u0103zboiului din Ucraina.\u00a0<\/p>\n<p>Mai precis, chiar dac\u0103 avansul for\u021belor ruse\u0219ti \u00een Ucraina, \u00eenainte de iarn\u0103, a fost mai rapid dec\u00e2t oric\u00e2nd din 2022, progresele au fost semnificativ mai lente \u00een unele zone dec\u00e2t le-a prezentat comandantul demis.<\/p>\n<p>Rybar, un blogger pro-rus respectat, a precizat c\u0103 generalul Ana\u0219kin a fost demis pentru rapoarte false \u00een zona Siversk, folosind denumirea rus\u0103 a localit\u0103\u021bii. Un corespondent al televiziunii de stat ruse a confirmat \u0219i el c\u0103 Ana\u0219kin a fost \u00eenlocuit..<\/p>\n<p>De altfel \u0219i al\u021bi bloggerii de r\u0103zboi au criticat de mult\u0103 vreme conducerea opera\u021biunii din jurul Siversk, afirm\u00e2nd c\u0103 unit\u0103\u021bi ruse\u0219ti prost echipate au fost aruncate \u00een lupte violente pentru c\u00e2\u0219tiguri tactice minore.<\/p>\n<p>Surse din Ministerul rus al Ap\u0103r\u0103rii au sugerat c\u0103 demiterea ar face parte dintr-o \u201erota\u021bie planificat\u0103\u201d a personalului.<\/p>","protected":false},"excerpt":{"rendered":"<p>Mass-media din Rusia citeaz\u0103 surse neoficiale care afirm\u0103 c\u0103 general-colonel Ghennadi Ana\u0219kin, comandantul grupului de&hellip;<\/p>\n","protected":false},"author":0,"featured_media":10526,"comment_status":"open","ping_status":"open","sticky":false,"template":"","format":"standard","meta":{"footnotes":""},"categories":[2],"tags":[],"class_list":["post-10537","post","type-post","status-publish","format-standard","has-post-thumbnail","hentry","category-actual"],"_links":{"self":[{"href":"https:\/\/247stiri.ro\/index.php\/wp-json\/wp\/v2\/posts\/10537","targetHints":{"allow":["GET"]}}],"collection":[{"href":"https:\/\/247stiri.ro\/index.php\/wp-json\/wp\/v2\/posts"}],"about":[{"href":"https:\/\/247stiri.ro\/index.php\/wp-json\/wp\/v2\/types\/post"}],"replies":[{"embeddable":true,"href":"https:\/\/247stiri.ro\/index.php\/wp-json\/wp\/v2\/comments?post=10537"}],"version-history":[{"count":0,"href":"https:\/\/247stiri.ro\/index.php\/wp-json\/wp\/v2\/posts\/10537\/revisions"}],"wp:featuredmedia":[{"embeddable":true,"href":"https:\/\/247stiri.ro\/index.php\/wp-json\/wp\/v2\/media\/10526"}],"wp:attachment":[{"href":"https:\/\/247stiri.ro\/index.php\/wp-json\/wp\/v2\/media?parent=10537"}],"wp:term":[{"taxonomy":"category","embeddable":true,"href":"https:\/\/247stiri.ro\/index.php\/wp-json\/wp\/v2\/categories?post=10537"},{"taxonomy":"post_tag","embeddable":true,"href":"https:\/\/247stiri.ro\/index.php\/wp-json\/wp\/v2\/tags?post=10537"}],"curies":[{"name":"wp","href":"https:\/\/api.w.org\/{rel}","templated":true}]}}