{"id":10547,"date":"2024-11-24T15:44:59","date_gmt":"2024-11-24T15:44:59","guid":{"rendered":"https:\/\/247stiri.ro\/index.php\/2024\/11\/24\/incident-in-cluj-napoca-un-adolescent-de-15-ani-a-cazut-de-la-inaltime\/"},"modified":"2024-11-24T15:44:59","modified_gmt":"2024-11-24T15:44:59","slug":"incident-in-cluj-napoca-un-adolescent-de-15-ani-a-cazut-de-la-inaltime","status":"publish","type":"post","link":"https:\/\/247stiri.ro\/index.php\/2024\/11\/24\/incident-in-cluj-napoca-un-adolescent-de-15-ani-a-cazut-de-la-inaltime\/","title":{"rendered":"Incident \u00een Cluj-Napoca: Un adolescent de 15 ani a c\u0103zut de la \u00een\u0103l\u021bime"},"content":{"rendered":"<p>Cum s-a \u00eent\u00e2mplat incidentul<\/p>\n<p>Potrivit Inspectoratului pentru Situa\u021bii de Urgen\u021b\u0103 (ISU) Cluj, adolescentul era con\u0219tient \u0219i cooperant la momentul salv\u0103rii, \u00eens\u0103 prezenta <a href=\"https:\/\/www.realitatea.net\/stiri\/actual\/incident-grav-langa-cazinoul-din-constanta-un-barbat-a-cazut-de-la-4-metri-inaltime_6713ceda2ef0de7874294db9\" target=\"_blank\">mai multe traumatisme.<\/a><\/p>\n<p>\u201ePompierii din cadrul Deta\u0219amentului 1 Cluj-Napoca au fost solicita\u021bi \u00een urm\u0103 cu pu\u021bine momente s\u0103 asiste un minor care a c\u0103zut de la \u00een\u0103l\u021bime pe strada Aurel Vlaicu din Cluj-Napoca. Minorul, de aproximativ 15 ani, a fost g\u0103sit pe o copertin\u0103 a unui bloc, astfel c\u0103 pompierii au utilizat un dispozitiv de salvare la \u00een\u0103l\u021bime cu targ\u0103 pentru a-l evacua \u00een siguran\u021b\u0103. Ulterior, a fost folosit\u0103 \u015fi autoscara pentru a aduce persoana la nivelul solului. \u00cen permanen\u0163\u0103, minorul a fost monitorizat de c\u0103tre echipajul SMURD de terapie intensiv\u0103 mobil\u0103, care \u00eel va transporta la spital\u201d, a transmis, duminic\u0103 dup\u0103-amiaz\u0103, ISU Cluj.<\/p>\n<p><a href=\"https:\/\/www.realitatea.net\/stiri\/actual\/copil-cazut-de-la-inaltime-din-telescaun-in-poiana-brasov_61dedbb118dfb57f8d33dffb\" target=\"_blank\">La opera\u021biunea de salvare<\/a> au participat o autospecial\u0103 echipat\u0103 pentru descarcerare, o autoscar\u0103 \u0219i o ambulan\u021b\u0103 SMURD.<\/p>\n<p>De\u0219i circumstan\u021bele exacte ale incidentului nu au fost f\u0103cute publice, starea stabil\u0103 a adolescentului ofer\u0103 speran\u021b\u0103 pentru o recuperare rapid\u0103. Autorit\u0103\u021bile urmeaz\u0103 s\u0103 stabileasc\u0103 detaliile care au condus la acest accident.<\/p>","protected":false},"excerpt":{"rendered":"<p>Cum s-a \u00eent\u00e2mplat incidentul Potrivit Inspectoratului pentru Situa\u021bii de Urgen\u021b\u0103 (ISU) Cluj, adolescentul era con\u0219tient&hellip;<\/p>\n","protected":false},"author":0,"featured_media":10548,"comment_status":"open","ping_status":"open","sticky":false,"template":"","format":"standard","meta":{"footnotes":""},"categories":[2],"tags":[],"class_list":["post-10547","post","type-post","status-publish","format-standard","has-post-thumbnail","hentry","category-actual"],"_links":{"self":[{"href":"https:\/\/247stiri.ro\/index.php\/wp-json\/wp\/v2\/posts\/10547","targetHints":{"allow":["GET"]}}],"collection":[{"href":"https:\/\/247stiri.ro\/index.php\/wp-json\/wp\/v2\/posts"}],"about":[{"href":"https:\/\/247stiri.ro\/index.php\/wp-json\/wp\/v2\/types\/post"}],"replies":[{"embeddable":true,"href":"https:\/\/247stiri.ro\/index.php\/wp-json\/wp\/v2\/comments?post=10547"}],"version-history":[{"count":0,"href":"https:\/\/247stiri.ro\/index.php\/wp-json\/wp\/v2\/posts\/10547\/revisions"}],"wp:featuredmedia":[{"embeddable":true,"href":"https:\/\/247stiri.ro\/index.php\/wp-json\/wp\/v2\/media\/10548"}],"wp:attachment":[{"href":"https:\/\/247stiri.ro\/index.php\/wp-json\/wp\/v2\/media?parent=10547"}],"wp:term":[{"taxonomy":"category","embeddable":true,"href":"https:\/\/247stiri.ro\/index.php\/wp-json\/wp\/v2\/categories?post=10547"},{"taxonomy":"post_tag","embeddable":true,"href":"https:\/\/247stiri.ro\/index.php\/wp-json\/wp\/v2\/tags?post=10547"}],"curies":[{"name":"wp","href":"https:\/\/api.w.org\/{rel}","templated":true}]}}