{"id":10549,"date":"2024-11-24T15:44:59","date_gmt":"2024-11-24T15:44:59","guid":{"rendered":"https:\/\/247stiri.ro\/index.php\/2024\/11\/24\/romanii-isi-aleg-presedintele-tensiuni-maxime-la-sediile-partidelor-politice-in-asteptarea-primelor-rezultate\/"},"modified":"2024-11-24T15:44:59","modified_gmt":"2024-11-24T15:44:59","slug":"romanii-isi-aleg-presedintele-tensiuni-maxime-la-sediile-partidelor-politice-in-asteptarea-primelor-rezultate","status":"publish","type":"post","link":"https:\/\/247stiri.ro\/index.php\/2024\/11\/24\/romanii-isi-aleg-presedintele-tensiuni-maxime-la-sediile-partidelor-politice-in-asteptarea-primelor-rezultate\/","title":{"rendered":"Rom\u00e2nii \u00ee\u0219i aleg pre\u0219edintele. Tensiuni maxime la sediile partidelor politice \u00een a\u0219teptarea primelor rezultate"},"content":{"rendered":"<p>\u00cenc\u0103 de la primele ore ale dimine\u021bii, liderii politici \u0219i-au exprimat dreptul la vot, transmi\u021b\u00e2nd mesaje c\u0103tre electorat. Ei au \u00eencurajat prezen\u021ba la urne, subliniind importan\u021ba acestui scrutin pentru viitorul \u021b\u0103rii. Ulterior, pre\u0219edin\u021bii de partid s-au str\u00e2ns \u00een jurul echipelor de campanie, urm\u0103rind cu aten\u021bie evolu\u021bia procesului electoral.<\/p>\n<p>\u00cen sediul PNL, atmosfera este intens\u0103. Echipa lui Nicolae Ciuc\u0103 analizeaz\u0103 datele primite din teritoriu.<\/p>\n<p>Marcel Ciolacu a fost surprins \u00een timp ce se plimba prin curtea sediului PSD \u0219i se uita \u00een telefon. Ulterior, acesta a declarat c\u0103 are emo\u021bii pentru ceea ce vor alege rom\u00e2nii.<\/p>\n<p>\u0218i la sediul AUR emo\u021biile sunt mari \u00een a\u0219teptarea primelor rezultate.<\/p>\n<p><a href=\"https:\/\/www.realitatea.net\/stiri\/politica\/alegeri-prezidentiale-2024-astazi-se-alege-presedintele-tu-decizi-live-update-rezultate-prezenta-la-vot_67429b6ca881430592395d83\" target=\"_blank\">Alegeri preziden\u021biale 2024. Ast\u0103zi se alege pre\u015fedintele. TU DECIZI! Sondaje, rezultate alegeri. Prezen\u021ba la vot, peste cea din 2019. Jude\u021bul care s-a mobilizat exemplar &#8211; UPDATE<\/a> <\/p>\n<p>\u00a0<\/p>\n<p>\u00a0<\/p>","protected":false},"excerpt":{"rendered":"<p>\u00cenc\u0103 de la primele ore ale dimine\u021bii, liderii politici \u0219i-au exprimat dreptul la vot, transmi\u021b\u00e2nd&hellip;<\/p>\n","protected":false},"author":0,"featured_media":10544,"comment_status":"open","ping_status":"open","sticky":false,"template":"","format":"standard","meta":{"footnotes":""},"categories":[2],"tags":[],"class_list":["post-10549","post","type-post","status-publish","format-standard","has-post-thumbnail","hentry","category-actual"],"_links":{"self":[{"href":"https:\/\/247stiri.ro\/index.php\/wp-json\/wp\/v2\/posts\/10549","targetHints":{"allow":["GET"]}}],"collection":[{"href":"https:\/\/247stiri.ro\/index.php\/wp-json\/wp\/v2\/posts"}],"about":[{"href":"https:\/\/247stiri.ro\/index.php\/wp-json\/wp\/v2\/types\/post"}],"replies":[{"embeddable":true,"href":"https:\/\/247stiri.ro\/index.php\/wp-json\/wp\/v2\/comments?post=10549"}],"version-history":[{"count":0,"href":"https:\/\/247stiri.ro\/index.php\/wp-json\/wp\/v2\/posts\/10549\/revisions"}],"wp:featuredmedia":[{"embeddable":true,"href":"https:\/\/247stiri.ro\/index.php\/wp-json\/wp\/v2\/media\/10544"}],"wp:attachment":[{"href":"https:\/\/247stiri.ro\/index.php\/wp-json\/wp\/v2\/media?parent=10549"}],"wp:term":[{"taxonomy":"category","embeddable":true,"href":"https:\/\/247stiri.ro\/index.php\/wp-json\/wp\/v2\/categories?post=10549"},{"taxonomy":"post_tag","embeddable":true,"href":"https:\/\/247stiri.ro\/index.php\/wp-json\/wp\/v2\/tags?post=10549"}],"curies":[{"name":"wp","href":"https:\/\/api.w.org\/{rel}","templated":true}]}}