{"id":10574,"date":"2024-11-24T16:45:00","date_gmt":"2024-11-24T16:45:00","guid":{"rendered":"https:\/\/247stiri.ro\/index.php\/2024\/11\/24\/femeie-cercetata-pentru-furt-fals-privind-identitatea-si-frauda-la-vot-ea-a-folosit-cartea-de-identitate-a-altei-persoane\/"},"modified":"2024-11-24T16:45:00","modified_gmt":"2024-11-24T16:45:00","slug":"femeie-cercetata-pentru-furt-fals-privind-identitatea-si-frauda-la-vot-ea-a-folosit-cartea-de-identitate-a-altei-persoane","status":"publish","type":"post","link":"https:\/\/247stiri.ro\/index.php\/2024\/11\/24\/femeie-cercetata-pentru-furt-fals-privind-identitatea-si-frauda-la-vot-ea-a-folosit-cartea-de-identitate-a-altei-persoane\/","title":{"rendered":"Femeie cercetat\u0103 pentru furt, fals privind identitatea \u015fi fraud\u0103 la vot! Ea a folosit cartea de identitate a altei persoane"},"content":{"rendered":"<p>\u201ePoli\u0163i\u015ftii Sec\u0163iei de Poli\u0163ie Rural\u0103 Cocor\u0103\u015ftii Col\u0163 au fost sesiza\u0163i, la data de 24 noiembrie a.c, despre faptul c\u0103 la o sec\u0163ie de votare din comuna Brazi, o persoan\u0103 a votat folosind cartea de identitate a unei alte persoane\u201d, anun\u0163\u0103 oficialii Poli\u0163iei jude\u0163ene Prahova.<\/p>\n<p>Poli\u0163i\u015ftii au constatat c\u0103 este vorba despre o femeie de 48 de ani, din comuna Brazi, care a folosit cartea de identitate a unei alte persoane \u015fi care ar fi \u015fi reu\u015fit s\u0103 voteze.\u00a0Ea este cercetat\u0103 pentru furt, fals privind identitatea \u015fi fraud\u0103 la vot.\u00a0\u00a0\u00cen plus, femeia a fost amendat\u0103 contraven\u0163ional \u00een baza legii care sanc\u0163ioneaz\u0103 faptele de \u00eenc\u0103lcare a unor norme de convie\u0163uire social\u0103, a ordinii \u015fi lini\u015ftii publice.\u00a0Poli\u0163i\u015ftii continu\u0103 cercet\u0103rile pentru stabilirea tuturor \u00eemprejur\u0103rilor \u00een care a avut loc incidentul.<a href=\"https:\/\/www.realitatea.net\/stiri\/politica\/alegeri-prezidentiale-2024-astazi-se-alege-presedintele-tu-decizi-live-update-rezultate-prezenta-la-vot_67429b6ca881430592395d83\" target=\"_blank\">Alegeri preziden\u021biale 2024. Ast\u0103zi se alege pre\u015fedintele. TU DECIZI! Sondaje, rezultate alegeri. Prezen\u021ba la vot, peste cea din 2019. Jude\u021bul care s-a mobilizat exemplar &#8211; UPDATE<\/a><\/p>","protected":false},"excerpt":{"rendered":"<p>\u201ePoli\u0163i\u015ftii Sec\u0163iei de Poli\u0163ie Rural\u0103 Cocor\u0103\u015ftii Col\u0163 au fost sesiza\u0163i, la data de 24 noiembrie&hellip;<\/p>\n","protected":false},"author":0,"featured_media":10575,"comment_status":"open","ping_status":"open","sticky":false,"template":"","format":"standard","meta":{"footnotes":""},"categories":[2],"tags":[],"class_list":["post-10574","post","type-post","status-publish","format-standard","has-post-thumbnail","hentry","category-actual"],"_links":{"self":[{"href":"https:\/\/247stiri.ro\/index.php\/wp-json\/wp\/v2\/posts\/10574","targetHints":{"allow":["GET"]}}],"collection":[{"href":"https:\/\/247stiri.ro\/index.php\/wp-json\/wp\/v2\/posts"}],"about":[{"href":"https:\/\/247stiri.ro\/index.php\/wp-json\/wp\/v2\/types\/post"}],"replies":[{"embeddable":true,"href":"https:\/\/247stiri.ro\/index.php\/wp-json\/wp\/v2\/comments?post=10574"}],"version-history":[{"count":0,"href":"https:\/\/247stiri.ro\/index.php\/wp-json\/wp\/v2\/posts\/10574\/revisions"}],"wp:featuredmedia":[{"embeddable":true,"href":"https:\/\/247stiri.ro\/index.php\/wp-json\/wp\/v2\/media\/10575"}],"wp:attachment":[{"href":"https:\/\/247stiri.ro\/index.php\/wp-json\/wp\/v2\/media?parent=10574"}],"wp:term":[{"taxonomy":"category","embeddable":true,"href":"https:\/\/247stiri.ro\/index.php\/wp-json\/wp\/v2\/categories?post=10574"},{"taxonomy":"post_tag","embeddable":true,"href":"https:\/\/247stiri.ro\/index.php\/wp-json\/wp\/v2\/tags?post=10574"}],"curies":[{"name":"wp","href":"https:\/\/api.w.org\/{rel}","templated":true}]}}