{"id":10579,"date":"2024-11-24T17:45:03","date_gmt":"2024-11-24T17:45:03","guid":{"rendered":"https:\/\/247stiri.ro\/index.php\/2024\/11\/24\/ce-se-intampla-cu-zilele-de-concediu-ramase-din-2024-pana-cand-pot-fi-folosite-si-ce-trebuie-sa-stie-angajatii\/"},"modified":"2024-11-24T17:45:03","modified_gmt":"2024-11-24T17:45:03","slug":"ce-se-intampla-cu-zilele-de-concediu-ramase-din-2024-pana-cand-pot-fi-folosite-si-ce-trebuie-sa-stie-angajatii","status":"publish","type":"post","link":"https:\/\/247stiri.ro\/index.php\/2024\/11\/24\/ce-se-intampla-cu-zilele-de-concediu-ramase-din-2024-pana-cand-pot-fi-folosite-si-ce-trebuie-sa-stie-angajatii\/","title":{"rendered":"Ce se \u00eent\u00e2mpl\u0103 cu zilele de concediu r\u0103mase din 2024. P\u00e2n\u0103 c\u00e2nd pot fi folosite \u0219i ce trebuie s\u0103 \u0219tie angaja\u021bii"},"content":{"rendered":"<p>Drepturile salaria\u021bilor privind concediul de odihn\u0103<\/p>\n<p><a href=\"https:\/\/www.realitatea.net\/stiri\/actual\/banii-inapoi-pentru-vacantele-ratate-din-cauza-vremii-nefavorabile-propunere-inedita-pe-masa-guvernului_671ba6f697d73f7d7159feb8\" target=\"_blank\">Dreptul la concediul de odihn\u0103<\/a> anual este inalienabil, ceea ce \u00eenseamn\u0103 c\u0103 salaria\u021bii nu pot renun\u021ba la acesta \u0219i nici nu \u00eel pot cesiona. \u00cen situa\u021bia \u00een care concediul nu este efectuat integral, zilele r\u0103mase nu se pierd, ci trebuie utilizate \u00een perioada reglementat\u0103 de lege.<\/p>\n<p>Codul Muncii prevede c\u0103:<\/p>\n<p>\u201e\u00cen cazul \u00een care salariatul, din motive justificate, nu poate efectua, integral sau par\u021bial, concediul de odihn\u0103 anual la care avea dreptul \u00een anul calendaristic respectiv, angajatorul este obligat s\u0103 acorde concediul de odihn\u0103 neefectuat \u00eentr-o perioad\u0103 de 18 luni, \u00eencep\u00e2nd cu anul urm\u0103tor celui \u00een care s-a n\u0103scut dreptul la concediu.\u201d<\/p>\n<p>Astfel, zilele de concediu neutilizate \u00een 2024 pot fi solicitate \u0219i efectuate p\u00e2n\u0103 la finalul lunii iunie 2026.<\/p>\n<p>Compensarea \u00een bani, doar \u00een cazuri speciale<\/p>\n<p><a href=\"https:\/\/www.realitatea.net\/stiri\/actual\/urmeaza-cea-mai-mare-lunga-vacanta-din-ultimii-ani-concediul-de-craciun-si-revelion-prelungit-pana-pe-data-de-8-ianuarie_673af0e8c58dee45d431b573\" target=\"_blank\">Compensarea \u00een bani<\/a> pentru concediul de odihn\u0103 neefectuat este permis\u0103 exclusiv \u00een cazul \u00eencet\u0103rii contractului individual de munc\u0103. \u00cen toate celelalte situa\u021bii, angajatorul este obligat s\u0103 permit\u0103 salariatului s\u0103 beneficieze efectiv de concediu.<\/p>\n<p>Durata minim\u0103 a concediului de odihn\u0103 anual este de 20 de zile lucr\u0103toare, conform legisla\u021biei \u00een vigoare. De asemenea, zilele de s\u0103rb\u0103tori legale nu sunt incluse \u00een calculul acestuia.<\/p>\n<p>\u00a0<\/p>","protected":false},"excerpt":{"rendered":"<p>Drepturile salaria\u021bilor privind concediul de odihn\u0103 Dreptul la concediul de odihn\u0103 anual este inalienabil, ceea&hellip;<\/p>\n","protected":false},"author":0,"featured_media":10580,"comment_status":"open","ping_status":"open","sticky":false,"template":"","format":"standard","meta":{"footnotes":""},"categories":[8],"tags":[],"class_list":["post-10579","post","type-post","status-publish","format-standard","has-post-thumbnail","hentry","category-lifestyle"],"_links":{"self":[{"href":"https:\/\/247stiri.ro\/index.php\/wp-json\/wp\/v2\/posts\/10579","targetHints":{"allow":["GET"]}}],"collection":[{"href":"https:\/\/247stiri.ro\/index.php\/wp-json\/wp\/v2\/posts"}],"about":[{"href":"https:\/\/247stiri.ro\/index.php\/wp-json\/wp\/v2\/types\/post"}],"replies":[{"embeddable":true,"href":"https:\/\/247stiri.ro\/index.php\/wp-json\/wp\/v2\/comments?post=10579"}],"version-history":[{"count":0,"href":"https:\/\/247stiri.ro\/index.php\/wp-json\/wp\/v2\/posts\/10579\/revisions"}],"wp:featuredmedia":[{"embeddable":true,"href":"https:\/\/247stiri.ro\/index.php\/wp-json\/wp\/v2\/media\/10580"}],"wp:attachment":[{"href":"https:\/\/247stiri.ro\/index.php\/wp-json\/wp\/v2\/media?parent=10579"}],"wp:term":[{"taxonomy":"category","embeddable":true,"href":"https:\/\/247stiri.ro\/index.php\/wp-json\/wp\/v2\/categories?post=10579"},{"taxonomy":"post_tag","embeddable":true,"href":"https:\/\/247stiri.ro\/index.php\/wp-json\/wp\/v2\/tags?post=10579"}],"curies":[{"name":"wp","href":"https:\/\/api.w.org\/{rel}","templated":true}]}}