{"id":10700,"date":"2024-11-25T01:45:20","date_gmt":"2024-11-25T01:45:20","guid":{"rendered":"https:\/\/247stiri.ro\/index.php\/2024\/11\/25\/nicolae-ciuca-dupa-numararea-partiala-a-voturilor-cu-totii-trebuie-sa-asumam-acest-esec\/"},"modified":"2024-11-25T01:45:20","modified_gmt":"2024-11-25T01:45:20","slug":"nicolae-ciuca-dupa-numararea-partiala-a-voturilor-cu-totii-trebuie-sa-asumam-acest-esec","status":"publish","type":"post","link":"https:\/\/247stiri.ro\/index.php\/2024\/11\/25\/nicolae-ciuca-dupa-numararea-partiala-a-voturilor-cu-totii-trebuie-sa-asumam-acest-esec\/","title":{"rendered":"Nicolae Ciuc\u0103, dup\u0103 num\u0103rarea par\u021bial\u0103 a voturilor: \u201eCu to\u021bii trebuie s\u0103 asum\u0103m acest e\u0219ec\u201d"},"content":{"rendered":"<p>\u201eEste op\u021biunea rom\u00e2nilor \u0219i trebuie respectat\u0103. Dac\u0103 acest candidat a ajuns pe primul loc, trebuie s\u0103 respect\u0103m votul rom\u00e2nilor.<\/p>\n<p>Ne-am \u00eentrebat \u0219i noi \u00een seara asta de ce s-a \u00eent\u00e2mplat asta. Nu a fost m\u0103surat dec\u00e2t pe final.<\/p>\n<p>Eu \u00eemi asum responsabilitatea acestui rezultat. Se pare c\u0103 rom\u00e2nii au avut o cu totul \u0219i cu totul alt\u0103 op\u021biune \u0219i trebuie s\u0103 o respect\u0103m (&#8230;) V\u0103 rog s\u0103 a\u0219tept\u0103m rezultatele finale \u0219i apoi vom lua o decizie.<\/p>\n<p>Peste tot \u00een \u021bar\u0103 sunt rezultate slabe, ca atare trebuie s\u0103 facem o analiz\u0103 \u0219i trebuie s\u0103 vedem care sunt toate elementele care au dus la acest rezultat. Dac\u0103 ar fi fost vorba despre 2-3 filiale puteam s\u0103 vorbim despre sabotaj, dar fiind un rezultat general putem spune doar c\u0103 asta a fost op\u021biunea rom\u00e2nilor, o decizie a lor pentru tot ce s-a \u00eent\u00e2mplat \u00een aceast\u0103 perioad\u0103.<\/p>\n<p>Acum cred c\u0103 este important s\u0103 subliniez faptul c\u0103 eu sunt pre\u0219edinte al PNL, nu cred c\u0103 trebuie s\u0103 dezert\u0103m din aceast\u0103 situa\u021bie.<\/p>\n<p>Este un e\u0219ec pe care trebuie s\u0103-l asum\u0103m cu to\u021bii, eu \u0219i \u00eentreaga conducere trebuie s\u0103 asum\u0103m acest e\u0219ec\u201d, a spus Nicolae Ciuc\u0103.<\/p>\n<p>\u00a0<\/p>","protected":false},"excerpt":{"rendered":"<p>\u201eEste op\u021biunea rom\u00e2nilor \u0219i trebuie respectat\u0103. Dac\u0103 acest candidat a ajuns pe primul loc, trebuie&hellip;<\/p>\n","protected":false},"author":0,"featured_media":10701,"comment_status":"open","ping_status":"open","sticky":false,"template":"","format":"standard","meta":{"footnotes":""},"categories":[3],"tags":[],"class_list":["post-10700","post","type-post","status-publish","format-standard","has-post-thumbnail","hentry","category-politica"],"_links":{"self":[{"href":"https:\/\/247stiri.ro\/index.php\/wp-json\/wp\/v2\/posts\/10700","targetHints":{"allow":["GET"]}}],"collection":[{"href":"https:\/\/247stiri.ro\/index.php\/wp-json\/wp\/v2\/posts"}],"about":[{"href":"https:\/\/247stiri.ro\/index.php\/wp-json\/wp\/v2\/types\/post"}],"replies":[{"embeddable":true,"href":"https:\/\/247stiri.ro\/index.php\/wp-json\/wp\/v2\/comments?post=10700"}],"version-history":[{"count":0,"href":"https:\/\/247stiri.ro\/index.php\/wp-json\/wp\/v2\/posts\/10700\/revisions"}],"wp:featuredmedia":[{"embeddable":true,"href":"https:\/\/247stiri.ro\/index.php\/wp-json\/wp\/v2\/media\/10701"}],"wp:attachment":[{"href":"https:\/\/247stiri.ro\/index.php\/wp-json\/wp\/v2\/media?parent=10700"}],"wp:term":[{"taxonomy":"category","embeddable":true,"href":"https:\/\/247stiri.ro\/index.php\/wp-json\/wp\/v2\/categories?post=10700"},{"taxonomy":"post_tag","embeddable":true,"href":"https:\/\/247stiri.ro\/index.php\/wp-json\/wp\/v2\/tags?post=10700"}],"curies":[{"name":"wp","href":"https:\/\/api.w.org\/{rel}","templated":true}]}}