{"id":10714,"date":"2024-11-25T06:45:18","date_gmt":"2024-11-25T06:45:18","guid":{"rendered":"https:\/\/247stiri.ro\/index.php\/2024\/11\/25\/dacia-duster-rechemata-in-service-in-sistemul-european-de-alerta-cate-masini-trebuie-verificate\/"},"modified":"2024-11-25T06:45:18","modified_gmt":"2024-11-25T06:45:18","slug":"dacia-duster-rechemata-in-service-in-sistemul-european-de-alerta-cate-masini-trebuie-verificate","status":"publish","type":"post","link":"https:\/\/247stiri.ro\/index.php\/2024\/11\/25\/dacia-duster-rechemata-in-service-in-sistemul-european-de-alerta-cate-masini-trebuie-verificate\/","title":{"rendered":"Dacia Duster, rechemat\u0103 \u00een service \u00een sistemul european de alert\u0103. C\u00e2te ma\u0219ini trebuie verificate?"},"content":{"rendered":"<p>Alerta de rechemare este una oficial\u0103, vizeaz\u0103 probleme de siguran\u021b\u0103 a pasagerilor \u0219i este obligatorie, potrivit <a href=\"https:\/\/www.profit.ro\/povesti-cu-profit\/auto-transporturi\/rechemarea-dacia-duster-a-ajuns-in-sistemul-european-de-alerta-a-fost-anuntat-si-numarul-de-masini-care-merg-in-service-boli-ale-copilariei-21846746\" target=\"_blank\">profit.ro<\/a>. De altfel, informa\u021bia a fost transmis\u0103 \u0219i de autoritatea german\u0103 de transport KBA, care anun\u021b\u0103 care este num\u0103rul tuturor ma\u0219inilor care ajung \u00een service.\u201eO decuplare a conectorului R107, care este posibil s\u0103 nu fi fost fixat corespunz\u0103tor din fabric\u0103, poate cauza o pierdere a conexiunii electrice \u00eentre motor \u0219i cablajul cabinei \u0219oferului. Ca urmare, \u0219oferii pot experimenta o pierdere a trac\u021biunii, asisten\u021b\u0103 redus\u0103 la direc\u021bie \u0219i func\u021bionarea defectuoas\u0103 a airbag-urilor, a senzorilor de parcare \u0219i a fr\u00e2nelor. Acest lucru poate cre\u0219te riscul de accidente \u0219i r\u0103ni\u201d, spun autorit\u0103\u021bile europene de protec\u021bie a consumatorilor, care men\u021bioneaz\u0103 c\u0103 este vorba despre Duster 3, dar datele de fabrica\u021bie sunt un pic controversate.<\/p>\n<p>Ma\u0219inile rechemate au fost produse \u00eentre 20.06.2023 \u2013 11.07.2024, \u00een condi\u021biile \u00een care, din declara\u021biile oficialilor Dacia, genera\u021bia a treia a intrat \u00een fabrica\u021bie abia la sf\u00e2r\u0219itul anului 2023. Notificarea transmis\u0103 UE a fost emis\u0103 de Fran\u021ba. Sunt publicate \u0219i dou\u0103 serii de omologare, care identific\u0103 versiunile de ma\u0219ini care au nevoie de verificare \u00een service \u0219i, dup\u0103 caz, de \u00eenlocuirea conectorului defect: e19*2007\/46*0026*22 \u0219i e19*2007\/46*0026*23.<\/p>","protected":false},"excerpt":{"rendered":"<p>Alerta de rechemare este una oficial\u0103, vizeaz\u0103 probleme de siguran\u021b\u0103 a pasagerilor \u0219i este obligatorie,&hellip;<\/p>\n","protected":false},"author":0,"featured_media":0,"comment_status":"open","ping_status":"open","sticky":false,"template":"","format":"standard","meta":{"footnotes":""},"categories":[2],"tags":[],"class_list":["post-10714","post","type-post","status-publish","format-standard","hentry","category-actual"],"_links":{"self":[{"href":"https:\/\/247stiri.ro\/index.php\/wp-json\/wp\/v2\/posts\/10714","targetHints":{"allow":["GET"]}}],"collection":[{"href":"https:\/\/247stiri.ro\/index.php\/wp-json\/wp\/v2\/posts"}],"about":[{"href":"https:\/\/247stiri.ro\/index.php\/wp-json\/wp\/v2\/types\/post"}],"replies":[{"embeddable":true,"href":"https:\/\/247stiri.ro\/index.php\/wp-json\/wp\/v2\/comments?post=10714"}],"version-history":[{"count":0,"href":"https:\/\/247stiri.ro\/index.php\/wp-json\/wp\/v2\/posts\/10714\/revisions"}],"wp:attachment":[{"href":"https:\/\/247stiri.ro\/index.php\/wp-json\/wp\/v2\/media?parent=10714"}],"wp:term":[{"taxonomy":"category","embeddable":true,"href":"https:\/\/247stiri.ro\/index.php\/wp-json\/wp\/v2\/categories?post=10714"},{"taxonomy":"post_tag","embeddable":true,"href":"https:\/\/247stiri.ro\/index.php\/wp-json\/wp\/v2\/tags?post=10714"}],"curies":[{"name":"wp","href":"https:\/\/api.w.org\/{rel}","templated":true}]}}