{"id":10774,"date":"2024-11-25T09:45:03","date_gmt":"2024-11-25T09:45:03","guid":{"rendered":"https:\/\/247stiri.ro\/index.php\/2024\/11\/25\/ionut-stroe-pnl-traim-un-adevarat-cataclism-politic-la-pnl-este-evident-ca-trebuie-sa-gasim-o-noua-directie\/"},"modified":"2024-11-25T09:45:03","modified_gmt":"2024-11-25T09:45:03","slug":"ionut-stroe-pnl-traim-un-adevarat-cataclism-politic-la-pnl-este-evident-ca-trebuie-sa-gasim-o-noua-directie","status":"publish","type":"post","link":"https:\/\/247stiri.ro\/index.php\/2024\/11\/25\/ionut-stroe-pnl-traim-un-adevarat-cataclism-politic-la-pnl-este-evident-ca-trebuie-sa-gasim-o-noua-directie\/","title":{"rendered":"Ionu\u021b Stroe (PNL): Tr\u0103im un adev\u0103rat CATACLISM politic. La PNL este evident c\u0103 trebuie s\u0103 g\u0103sim o nou\u0103 direc\u021bie"},"content":{"rendered":"<p>&#8222;Nu pot angaja declara\u021bii publice \u00een numele partidului, tr\u0103im un adev\u0103ra cataclism politic. La PNL este evident c\u0103 trebuie s\u0103 g\u0103sim o nou\u0103 direc\u021bie pentru partid, dar aceast\u0103 schimbare trebuie f\u0103cut\u0103 elegant. \u00cen momentul de fa\u021b\u0103 nu am niciun un fel de date \u0219i nu v\u0103 pot spune cum s-ar putea produce aceast\u0103 schimbare, dar evident c\u0103 este nevoie de o mobilizare absolut\u0103 pentru a opri aceast\u0103 efervescen\u021b\u0103 antioccidental\u0103.<\/p>\n<p>\u00a0<\/p>\n<p>Rezultatul votului \u00een primul tur al alegerilor preziden\u021biale ne arat\u0103 c\u0103 to\u021bi cei care g\u00e2ndim \u0219i ac\u021bion\u0103m prooccidental. Mesajele lui C\u0103lin Georgescu circula pe toate canalele socialmedia pe care noi, partidele mari, le-am neglijat sau nu le-am sesizat, din p\u0103cate.<\/p>\n<p>N-a\u0219 vrea s\u0103 fac aprecieri persoanele, dar PNL trebuie s\u0103 g\u0103seasc\u0103 rapid solu\u021bii, pentru c\u0103 avem oamenii cu reale calit\u0103\u021bi \u0219i lucrurile astea le discut\u0103m mai degrab\u0103 \u00een interiorul partidului&#8221;, a declarat Stoe, \u00een exclusivitate la Realitatea Plus.<\/p>","protected":false},"excerpt":{"rendered":"<p>&#8222;Nu pot angaja declara\u021bii publice \u00een numele partidului, tr\u0103im un adev\u0103ra cataclism politic. La PNL&hellip;<\/p>\n","protected":false},"author":0,"featured_media":10766,"comment_status":"open","ping_status":"open","sticky":false,"template":"","format":"standard","meta":{"footnotes":""},"categories":[2],"tags":[],"class_list":["post-10774","post","type-post","status-publish","format-standard","has-post-thumbnail","hentry","category-actual"],"_links":{"self":[{"href":"https:\/\/247stiri.ro\/index.php\/wp-json\/wp\/v2\/posts\/10774","targetHints":{"allow":["GET"]}}],"collection":[{"href":"https:\/\/247stiri.ro\/index.php\/wp-json\/wp\/v2\/posts"}],"about":[{"href":"https:\/\/247stiri.ro\/index.php\/wp-json\/wp\/v2\/types\/post"}],"replies":[{"embeddable":true,"href":"https:\/\/247stiri.ro\/index.php\/wp-json\/wp\/v2\/comments?post=10774"}],"version-history":[{"count":0,"href":"https:\/\/247stiri.ro\/index.php\/wp-json\/wp\/v2\/posts\/10774\/revisions"}],"wp:featuredmedia":[{"embeddable":true,"href":"https:\/\/247stiri.ro\/index.php\/wp-json\/wp\/v2\/media\/10766"}],"wp:attachment":[{"href":"https:\/\/247stiri.ro\/index.php\/wp-json\/wp\/v2\/media?parent=10774"}],"wp:term":[{"taxonomy":"category","embeddable":true,"href":"https:\/\/247stiri.ro\/index.php\/wp-json\/wp\/v2\/categories?post=10774"},{"taxonomy":"post_tag","embeddable":true,"href":"https:\/\/247stiri.ro\/index.php\/wp-json\/wp\/v2\/tags?post=10774"}],"curies":[{"name":"wp","href":"https:\/\/api.w.org\/{rel}","templated":true}]}}