{"id":10775,"date":"2024-11-25T09:45:03","date_gmt":"2024-11-25T09:45:03","guid":{"rendered":"https:\/\/247stiri.ro\/index.php\/2024\/11\/25\/de-ce-a-castigat-calin-georgescu-atatea-voturi-istoric-austriac-imita-modul-de-a-vorbi-al-lui-codreanu\/"},"modified":"2024-11-25T09:45:03","modified_gmt":"2024-11-25T09:45:03","slug":"de-ce-a-castigat-calin-georgescu-atatea-voturi-istoric-austriac-imita-modul-de-a-vorbi-al-lui-codreanu","status":"publish","type":"post","link":"https:\/\/247stiri.ro\/index.php\/2024\/11\/25\/de-ce-a-castigat-calin-georgescu-atatea-voturi-istoric-austriac-imita-modul-de-a-vorbi-al-lui-codreanu\/","title":{"rendered":"De ce a c\u00e2\u0219tigat C\u0103lin Georgescu at\u00e2tea voturi. Istoric austriac: &#8222;Imit\u0103 modul de a vorbi al lui Codreanu&#8221;"},"content":{"rendered":"<p>\u00cen cadrul analizei sale de acum doi ani, Schmitt avertiza c\u0103, de\u0219i Georgescu este subestimat de publicul larg, influen\u021ba sa \u00een mediile provinciale este semnificativ\u0103 \u0219i \u00een continu\u0103 cre\u0219tere.<\/p>\n<p>Georgescu re\u00eenvie un discurs na\u021bionalist, av\u00e2nd un limbaj ce evoc\u0103 timpurile legionarilor din Rom\u00e2nia. Potrivit lui Schmitt, acesta imit\u0103 chiar \u0219i stilul de comunicare al lui Corneliu Zelea Codreanu, liderul legionarilor, adopt\u00e2nd un mod de a vorbi lent \u0219i deliberat, menit s\u0103 rezoneze cu sus\u021bin\u0103torii s\u0103i.<\/p>\n<p>Activit\u0103\u021bile promovate de Georgescu includ tabere de munc\u0103, o strategie reminiscent\u0103 a tacticilor legionarilor din trecut, care sunt prezentate cu o deschidere media considerabil\u0103. Schmitt observ\u0103 c\u0103 aceast\u0103 metodologie reflect\u0103 angajamentul mi\u0219c\u0103rii sale fa\u021b\u0103 de idealurile na\u021bionaliste, care prind via\u021b\u0103 prin intermediul unor activit\u0103\u021bi fizice \u0219i comunit\u0103\u021bii.<\/p>\n<p>De asemenea, Georgescu poten\u021beaz\u0103 mesajul s\u0103u prin sus\u021binerea pe care o prime\u0219te din partea unor figuri proeminente ale taberei na\u021bionaliste. Printre acestea se num\u0103r\u0103 Victor Voicu, vicepre\u0219edintele Academiei Rom\u00e2ne, care aduce cu sine un grad semnificativ de legitimitate \u0219i recunoa\u0219tere public\u0103.<\/p>\n<p>Spre deosebire de al\u021bi lideri na\u021bionali\u0219ti, cum ar fi George Simion, Georgescu se contureaz\u0103 ca un lider mult mai hot\u0103r\u00e2t \u0219i mai dedicat principilor de \u201eneam \u0219i \u021bar\u0103\u201d, ceea ce, conform observa\u021biilor lui Schmitt, rezoneaz\u0103 profund cu valorile \u0219i idealurile legiunii. Acest limbaj \u0219i aceast\u0103 retoric\u0103 sunt chiar mai evidente \u0219i structurale \u00een discursul lui Georgescu dec\u00e2t \u00een cel al Alian\u021bei pentru Unirea Rom\u00e2nilor (AUR).<\/p>\n<p>\u201eSubestimat de public, dar foarte prezent \u00een mediile provinciale, este liderul autoproclamat al Mi\u0219c\u0103rii p\u0103m\u00e2ntul str\u0103mo\u0219esc, C\u0103lin Georgescu. El se pune \u00een scen\u0103 cu un limbaj clar neolegionar; imit\u0103 chiar \u0219i modul lent de a vorbi al lui Codreanu; mi\u0219carea sa folose\u0219te clar simbolistica neolegionar\u0103, cum ar fi culoarea verde, \u0219i se distinge prin strategii legionare, cum ar fi taberele de munc\u0103, care sunt prezentate \u00een mod mediatic. Mi\u0219carea lui Georgescu este sus\u021binut\u0103 de cunoscu\u021bi reprezentan\u021bi ai taberei na\u021bionaliste, printre care \u0219i vicepre\u0219edintele Academiei Rom\u00e2ne, Victor Voicu\u201d, explica Oliver Jens Schmitt, citat de HotNews.ro, la doi ani dup\u0103 ce acesta a fost propunerea AUR pentru func\u021bia de premier.<\/p>\n<p>\u201eSpre deosebire de Simion, Georgescu se prezint\u0103 ca un lider hot\u0103r\u00e2t \u201epentru neam \u0219i \u021bar\u0103\u201d, c\u0103l\u0103uzit de Dumnezeu. Acest limbaj corespunde cu dic\u021biunea Legiunii, care este chiar mai clar\u0103 la Georgescu dec\u00e2t \u00een AUR\u201d, a mai spus atunci istoricul.\u00a0<\/p>\n<p><a title=\"Alegeri prezidentiale 2024 - rezultate OFICIALE partiale. Georgescu, pe primul loc. Lasconi, pe locul 2. Votul din diasapora s-a INCHEIAT\" href=\"https:\/\/www.realitatea.net\/stiri\/actual\/primele-rezultate-oficiale-ale-alegerilor-prezidentiale-cum-au-votat-romanii-date-in-timp-real_6743880b6e1f74571d4e3a12\">Alegeri preziden\u021biale 2024 &#8211; rezultate OFICIALE par\u021biale. Georgescu, pe primul loc. Lasconi, pe locul 2. Votul din diasapora s-a \u00ceNCHEIAT<\/a><\/p>","protected":false},"excerpt":{"rendered":"<p>\u00cen cadrul analizei sale de acum doi ani, Schmitt avertiza c\u0103, de\u0219i Georgescu este subestimat&hellip;<\/p>\n","protected":false},"author":0,"featured_media":10768,"comment_status":"open","ping_status":"open","sticky":false,"template":"","format":"standard","meta":{"footnotes":""},"categories":[2],"tags":[],"class_list":["post-10775","post","type-post","status-publish","format-standard","has-post-thumbnail","hentry","category-actual"],"_links":{"self":[{"href":"https:\/\/247stiri.ro\/index.php\/wp-json\/wp\/v2\/posts\/10775","targetHints":{"allow":["GET"]}}],"collection":[{"href":"https:\/\/247stiri.ro\/index.php\/wp-json\/wp\/v2\/posts"}],"about":[{"href":"https:\/\/247stiri.ro\/index.php\/wp-json\/wp\/v2\/types\/post"}],"replies":[{"embeddable":true,"href":"https:\/\/247stiri.ro\/index.php\/wp-json\/wp\/v2\/comments?post=10775"}],"version-history":[{"count":0,"href":"https:\/\/247stiri.ro\/index.php\/wp-json\/wp\/v2\/posts\/10775\/revisions"}],"wp:featuredmedia":[{"embeddable":true,"href":"https:\/\/247stiri.ro\/index.php\/wp-json\/wp\/v2\/media\/10768"}],"wp:attachment":[{"href":"https:\/\/247stiri.ro\/index.php\/wp-json\/wp\/v2\/media?parent=10775"}],"wp:term":[{"taxonomy":"category","embeddable":true,"href":"https:\/\/247stiri.ro\/index.php\/wp-json\/wp\/v2\/categories?post=10775"},{"taxonomy":"post_tag","embeddable":true,"href":"https:\/\/247stiri.ro\/index.php\/wp-json\/wp\/v2\/tags?post=10775"}],"curies":[{"name":"wp","href":"https:\/\/api.w.org\/{rel}","templated":true}]}}