{"id":10776,"date":"2024-11-25T09:45:04","date_gmt":"2024-11-25T09:45:04","guid":{"rendered":"https:\/\/247stiri.ro\/index.php\/2024\/11\/25\/becali-i-a-spus-o-in-fata-lui-simion-george-sa-nu-te-superi-dar-parca-mi-pare-bine-ca-te-a-batut-georgescu\/"},"modified":"2024-11-25T09:45:04","modified_gmt":"2024-11-25T09:45:04","slug":"becali-i-a-spus-o-in-fata-lui-simion-george-sa-nu-te-superi-dar-parca-mi-pare-bine-ca-te-a-batut-georgescu","status":"publish","type":"post","link":"https:\/\/247stiri.ro\/index.php\/2024\/11\/25\/becali-i-a-spus-o-in-fata-lui-simion-george-sa-nu-te-superi-dar-parca-mi-pare-bine-ca-te-a-batut-georgescu\/","title":{"rendered":"Becali i-a spus-o \u00een fa\u021b\u0103 lui Simion: George, s\u0103 nu te superi, dar parc\u0103-mi pare bine c\u0103 te-a b\u0103tut Georgescu"},"content":{"rendered":"<p>&#8222;C\u0103lin Georgescu m-a c\u0103utat acum vreo 2 ani la Palat, ia-m spus c\u0103 are sprijinul meu dac\u0103 va candida, dar nu m-a mai c\u0103utat. Dar l-am v\u0103zut asear\u0103 cum a vorbit, nu are nicio leg\u0103tur\u0103 ci cu ceilal\u021bi candida\u021bi.<\/p>\n<p>Eu i-am spus lui George Asear\u0103: B\u0103i George, tu s\u0103 nu te superi, dar parc\u0103-mi pare bine c\u0103 te-a b\u0103tut Georgescu, pentru c\u0103 o s\u0103 avem un pre\u0219edinte. Tu nu te compari cu el, George, este foarte puternic fa\u021b\u0103 de tine \u00een discurs.&#8221;<\/p>\n<p>\u0218i el a zis &#8222;Nea Gigi, nu m\u0103 intereseaz\u0103 pentru mine, m\u0103 intereseaz\u0103 pentru rom\u00e2ni&#8221;. Ia-m zis &#8222;Dac\u0103 e bine pentru rom\u00e2ni \u0219i a\u0219a vrea Dumnezeu, a ie\u0219it Georgescu, s\u0103-l ajut\u0103m, s\u0103 le aliem cu el \u0219i s\u0103 facem bine pentru Rom\u00e2nia!\u201d Eu \u00eemi aduc aminte c\u0103 l-am v\u0103zut la o emisiune \u0219i mi-am zis c\u0103 \u0103sta un pre\u0219edinte adev\u0103rat, ar fi bun pentru Rom\u00e2nia. \u0218i nu l-am mai v\u0103zut, a disp\u0103rut&#8221;, a declarat George Becali, \u00eentr-o interven\u021bie la Realitatea Plus.<\/p>","protected":false},"excerpt":{"rendered":"<p>&#8222;C\u0103lin Georgescu m-a c\u0103utat acum vreo 2 ani la Palat, ia-m spus c\u0103 are sprijinul&hellip;<\/p>\n","protected":false},"author":0,"featured_media":10770,"comment_status":"open","ping_status":"open","sticky":false,"template":"","format":"standard","meta":{"footnotes":""},"categories":[2],"tags":[],"class_list":["post-10776","post","type-post","status-publish","format-standard","has-post-thumbnail","hentry","category-actual"],"_links":{"self":[{"href":"https:\/\/247stiri.ro\/index.php\/wp-json\/wp\/v2\/posts\/10776","targetHints":{"allow":["GET"]}}],"collection":[{"href":"https:\/\/247stiri.ro\/index.php\/wp-json\/wp\/v2\/posts"}],"about":[{"href":"https:\/\/247stiri.ro\/index.php\/wp-json\/wp\/v2\/types\/post"}],"replies":[{"embeddable":true,"href":"https:\/\/247stiri.ro\/index.php\/wp-json\/wp\/v2\/comments?post=10776"}],"version-history":[{"count":0,"href":"https:\/\/247stiri.ro\/index.php\/wp-json\/wp\/v2\/posts\/10776\/revisions"}],"wp:featuredmedia":[{"embeddable":true,"href":"https:\/\/247stiri.ro\/index.php\/wp-json\/wp\/v2\/media\/10770"}],"wp:attachment":[{"href":"https:\/\/247stiri.ro\/index.php\/wp-json\/wp\/v2\/media?parent=10776"}],"wp:term":[{"taxonomy":"category","embeddable":true,"href":"https:\/\/247stiri.ro\/index.php\/wp-json\/wp\/v2\/categories?post=10776"},{"taxonomy":"post_tag","embeddable":true,"href":"https:\/\/247stiri.ro\/index.php\/wp-json\/wp\/v2\/tags?post=10776"}],"curies":[{"name":"wp","href":"https:\/\/api.w.org\/{rel}","templated":true}]}}