{"id":10791,"date":"2024-11-25T10:45:10","date_gmt":"2024-11-25T10:45:10","guid":{"rendered":"https:\/\/247stiri.ro\/index.php\/2024\/11\/25\/ciolacu-ia-in-calcul-sa-demisioneze-din-fruntea-psd-dupa-esecul-din-primul-tur-la-prezidentiale-surse\/"},"modified":"2024-11-25T10:45:10","modified_gmt":"2024-11-25T10:45:10","slug":"ciolacu-ia-in-calcul-sa-demisioneze-din-fruntea-psd-dupa-esecul-din-primul-tur-la-prezidentiale-surse","status":"publish","type":"post","link":"https:\/\/247stiri.ro\/index.php\/2024\/11\/25\/ciolacu-ia-in-calcul-sa-demisioneze-din-fruntea-psd-dupa-esecul-din-primul-tur-la-prezidentiale-surse\/","title":{"rendered":"Ciolacu ia \u00een calcul s\u0103 demisioneze din fruntea PSD, dup\u0103 e\u0219ecul din primul tur la preziden\u021biale &#8211; SURSE"},"content":{"rendered":"<p>Potrivit surselor citate, Marcel Ciolacu ar fi discutat cu c\u00e2\u021biva apropia\u0219i despre varianta de a se retrage de la conducerea partidului, \u00eens\u0103 deocamdat\u0103 nu sunt alte informa\u021bii legate de un eventual anun\u021b oficial \u00een acest sens.<\/p>\n<p>E\u0219ecul liderului PSD este cu at\u00e2t mai ustur\u0103tor cu c\u00e2t asear\u0103, chiar \u0219i dup\u0103 \u00eenchiderea urnelor, se punea doar problema cine va fi al doilea calificat \u00een final\u0103, dintre Costin Georgescu \u0219i Elena Lasconi.<\/p>\n<p>Luni diminea\u021b\u0103, dup\u0103 ce Georgescu s-a plasat clar pe locul 1, Elena Lasconi l-a devansat \u0219i ea pe liderul PSD, care a terminat cursa abia pe locul 3.<\/p>\n<p><a href=\"https:\/\/www.realitatea.net\/stiri\/actual\/dominic-fritz-usr-din-numaratoarea-noastra-paralela-elena-lasconi-e-in-turul-2-ii-cerem-lui-marcel-ciolacu-sasi-recunoasca-infrangerea_674422af4da5c11aaf7eb8ad\" target=\"_blank\">Dominic Fritz (USR): Din num\u0103r\u0103toarea noastr\u0103 paralel\u0103, Elena Lasconi e \u00een turul 2. \u00cei cerem lui Marcel Ciolacu \u0219\u0103-\u0219i recunoasc\u0103 \u00eenfr\u00e2ngerea<\/a><\/p>","protected":false},"excerpt":{"rendered":"<p>Potrivit surselor citate, Marcel Ciolacu ar fi discutat cu c\u00e2\u021biva apropia\u0219i despre varianta de a&hellip;<\/p>\n","protected":false},"author":0,"featured_media":10784,"comment_status":"open","ping_status":"open","sticky":false,"template":"","format":"standard","meta":{"footnotes":""},"categories":[2],"tags":[],"class_list":["post-10791","post","type-post","status-publish","format-standard","has-post-thumbnail","hentry","category-actual"],"_links":{"self":[{"href":"https:\/\/247stiri.ro\/index.php\/wp-json\/wp\/v2\/posts\/10791","targetHints":{"allow":["GET"]}}],"collection":[{"href":"https:\/\/247stiri.ro\/index.php\/wp-json\/wp\/v2\/posts"}],"about":[{"href":"https:\/\/247stiri.ro\/index.php\/wp-json\/wp\/v2\/types\/post"}],"replies":[{"embeddable":true,"href":"https:\/\/247stiri.ro\/index.php\/wp-json\/wp\/v2\/comments?post=10791"}],"version-history":[{"count":0,"href":"https:\/\/247stiri.ro\/index.php\/wp-json\/wp\/v2\/posts\/10791\/revisions"}],"wp:featuredmedia":[{"embeddable":true,"href":"https:\/\/247stiri.ro\/index.php\/wp-json\/wp\/v2\/media\/10784"}],"wp:attachment":[{"href":"https:\/\/247stiri.ro\/index.php\/wp-json\/wp\/v2\/media?parent=10791"}],"wp:term":[{"taxonomy":"category","embeddable":true,"href":"https:\/\/247stiri.ro\/index.php\/wp-json\/wp\/v2\/categories?post=10791"},{"taxonomy":"post_tag","embeddable":true,"href":"https:\/\/247stiri.ro\/index.php\/wp-json\/wp\/v2\/tags?post=10791"}],"curies":[{"name":"wp","href":"https:\/\/api.w.org\/{rel}","templated":true}]}}