{"id":10800,"date":"2024-11-25T11:45:02","date_gmt":"2024-11-25T11:45:02","guid":{"rendered":"https:\/\/247stiri.ro\/index.php\/2024\/11\/25\/un-lider-pnl-face-apel-la-sprijinirea-neconditionata-a-elenei-lasconi-si-schimbari-in-partid\/"},"modified":"2024-11-25T11:45:02","modified_gmt":"2024-11-25T11:45:02","slug":"un-lider-pnl-face-apel-la-sprijinirea-neconditionata-a-elenei-lasconi-si-schimbari-in-partid","status":"publish","type":"post","link":"https:\/\/247stiri.ro\/index.php\/2024\/11\/25\/un-lider-pnl-face-apel-la-sprijinirea-neconditionata-a-elenei-lasconi-si-schimbari-in-partid\/","title":{"rendered":"Un lider PNL face apel la sprijinirea necondi\u021bionat\u0103 a Elenei Lasconi \u0219i &#8222;schimb\u0103ri&#8221; \u00een partid"},"content":{"rendered":"<p>Pre\u0219edintele PNL D\u00e2mbovi\u021ba, Virgil Guran, a fost printre primii care au vorbit despre necesitate unei pozi\u021bion\u0103ri rapide, f\u0103r\u0103 echivoc, de partea for\u021belor de dreapta.<\/p>\n<p>&#8222;Este clar c\u0103 trebuie s\u0103 schimb\u0103m lucruri \u00een partid, s\u0103 privim mai realist. Este clar c\u0103 \u00een momentul de fa\u021b\u0103 trebuie s\u0103 mergem pe aceast\u0103 cale, ce discut\u0103m de c\u00e2teva lui, s\u0103 sprijinim o guvernare de drepta. Deci, \u00een consecin\u021b\u0103, \u0219i este p\u0103rerea mea, nu s-a discutat \u00een partid, trebuie s\u0103 o sprijinim clar pe Elena Lasconi \u00een turul 2, nici nu se pune problema altfel, iar dac\u0103 vor avea un rezultat bun, probabil vom fi \u0219i noi \u00een spate&#8221;, a afirmat Virgil Guran, \u00een direct la Realitatea Plus.<\/p>","protected":false},"excerpt":{"rendered":"<p>Pre\u0219edintele PNL D\u00e2mbovi\u021ba, Virgil Guran, a fost printre primii care au vorbit despre necesitate unei&hellip;<\/p>\n","protected":false},"author":0,"featured_media":10789,"comment_status":"open","ping_status":"open","sticky":false,"template":"","format":"standard","meta":{"footnotes":""},"categories":[3],"tags":[],"class_list":["post-10800","post","type-post","status-publish","format-standard","has-post-thumbnail","hentry","category-politica"],"_links":{"self":[{"href":"https:\/\/247stiri.ro\/index.php\/wp-json\/wp\/v2\/posts\/10800","targetHints":{"allow":["GET"]}}],"collection":[{"href":"https:\/\/247stiri.ro\/index.php\/wp-json\/wp\/v2\/posts"}],"about":[{"href":"https:\/\/247stiri.ro\/index.php\/wp-json\/wp\/v2\/types\/post"}],"replies":[{"embeddable":true,"href":"https:\/\/247stiri.ro\/index.php\/wp-json\/wp\/v2\/comments?post=10800"}],"version-history":[{"count":0,"href":"https:\/\/247stiri.ro\/index.php\/wp-json\/wp\/v2\/posts\/10800\/revisions"}],"wp:featuredmedia":[{"embeddable":true,"href":"https:\/\/247stiri.ro\/index.php\/wp-json\/wp\/v2\/media\/10789"}],"wp:attachment":[{"href":"https:\/\/247stiri.ro\/index.php\/wp-json\/wp\/v2\/media?parent=10800"}],"wp:term":[{"taxonomy":"category","embeddable":true,"href":"https:\/\/247stiri.ro\/index.php\/wp-json\/wp\/v2\/categories?post=10800"},{"taxonomy":"post_tag","embeddable":true,"href":"https:\/\/247stiri.ro\/index.php\/wp-json\/wp\/v2\/tags?post=10800"}],"curies":[{"name":"wp","href":"https:\/\/api.w.org\/{rel}","templated":true}]}}