{"id":10817,"date":"2024-11-25T12:45:34","date_gmt":"2024-11-25T12:45:34","guid":{"rendered":"https:\/\/247stiri.ro\/index.php\/2024\/11\/25\/doi-elevi-raniti-dupa-ce-o-bucata-din-tavanul-salii-de-clasa-s-a-prabusit-peste-ei-incident-socant-la-targu-mures\/"},"modified":"2024-11-25T12:45:34","modified_gmt":"2024-11-25T12:45:34","slug":"doi-elevi-raniti-dupa-ce-o-bucata-din-tavanul-salii-de-clasa-s-a-prabusit-peste-ei-incident-socant-la-targu-mures","status":"publish","type":"post","link":"https:\/\/247stiri.ro\/index.php\/2024\/11\/25\/doi-elevi-raniti-dupa-ce-o-bucata-din-tavanul-salii-de-clasa-s-a-prabusit-peste-ei-incident-socant-la-targu-mures\/","title":{"rendered":"Doi elevi, r\u0103ni\u021bi dup\u0103 ce o bucat\u0103 din tavanul s\u0103lii de clas\u0103 s-a pr\u0103bu\u015fit peste ei. Incident \u0219ocant la T\u00e2rgu Mure\u0219"},"content":{"rendered":"<p>\u201dAst\u0103zi, \u00een jurul orei 12:35, pompierii militari din cadrul Deta\u015famentului de Pompieri T\u00e2rgu Mure\u015f au intervenit la o unitate de \u00eenv\u0103\u0163\u0103m\u00e2nt din municipiul T\u00e2rgu Mure\u015f, situat\u0103 pe strada Cutezan\u0163ei, \u00een urma unui incident \u00een care o bucat\u0103 de aproximativ 2 mp din tavanul unei s\u0103li de clas\u0103, aflat\u0103 la etajul al treilea, s-a desprins \u015fi a c\u0103zut peste doi elevi, sex feminin si sex masculin, aproximativ 13 ani, \u00een timpul orelor de curs\u201d, a anun\u0163at ISU Mure\u015f.\u00a0La fa\u021ba locului au fost trimise dou\u0103 autospeciale de interven\u0163ie, o autospecial\u0103 de prim\u0103 interven\u0163ie, o ambulan\u0163\u0103 SMURD, precum \u015fi dou\u0103 ambulan\u0163e de transport personal \u015fi victime multiple.\u00a0\u201dCei doi elevi au fost evalua\u0163i de cadrele medicale, unul fiind de cod verde, iar cel\u0103lalt de cod galben. \u00cen sala de clas\u0103 se aflau 25 de elevi, care au fost evacua\u0163i \u00een siguran\u0163\u0103. Din fericire, nu au fost persoane surprinse sub d\u0103r\u00e2m\u0103turi. Sala de clas\u0103 a fost \u00eenchis\u0103, iar cursurile nu se mai desf\u0103\u015foar\u0103 \u00een acest spa\u0163iu. Echipele de interven\u0163ie asigur\u0103 m\u0103suri de siguran\u0163\u0103 pentru a preveni alte incidente\u201d, a precizat sursa citat\u0103.<\/p>","protected":false},"excerpt":{"rendered":"<p>\u201dAst\u0103zi, \u00een jurul orei 12:35, pompierii militari din cadrul Deta\u015famentului de Pompieri T\u00e2rgu Mure\u015f au&hellip;<\/p>\n","protected":false},"author":0,"featured_media":10818,"comment_status":"open","ping_status":"open","sticky":false,"template":"","format":"standard","meta":{"footnotes":""},"categories":[2],"tags":[],"class_list":["post-10817","post","type-post","status-publish","format-standard","has-post-thumbnail","hentry","category-actual"],"_links":{"self":[{"href":"https:\/\/247stiri.ro\/index.php\/wp-json\/wp\/v2\/posts\/10817","targetHints":{"allow":["GET"]}}],"collection":[{"href":"https:\/\/247stiri.ro\/index.php\/wp-json\/wp\/v2\/posts"}],"about":[{"href":"https:\/\/247stiri.ro\/index.php\/wp-json\/wp\/v2\/types\/post"}],"replies":[{"embeddable":true,"href":"https:\/\/247stiri.ro\/index.php\/wp-json\/wp\/v2\/comments?post=10817"}],"version-history":[{"count":0,"href":"https:\/\/247stiri.ro\/index.php\/wp-json\/wp\/v2\/posts\/10817\/revisions"}],"wp:featuredmedia":[{"embeddable":true,"href":"https:\/\/247stiri.ro\/index.php\/wp-json\/wp\/v2\/media\/10818"}],"wp:attachment":[{"href":"https:\/\/247stiri.ro\/index.php\/wp-json\/wp\/v2\/media?parent=10817"}],"wp:term":[{"taxonomy":"category","embeddable":true,"href":"https:\/\/247stiri.ro\/index.php\/wp-json\/wp\/v2\/categories?post=10817"},{"taxonomy":"post_tag","embeddable":true,"href":"https:\/\/247stiri.ro\/index.php\/wp-json\/wp\/v2\/tags?post=10817"}],"curies":[{"name":"wp","href":"https:\/\/api.w.org\/{rel}","templated":true}]}}