{"id":10836,"date":"2024-11-25T14:44:46","date_gmt":"2024-11-25T14:44:46","guid":{"rendered":"https:\/\/247stiri.ro\/index.php\/2024\/11\/25\/prima-reactie-a-lui-iohannis-dupa-acuzatiile-privind-influentele-externe-in-alegeri-si-in-promovarea-lui-calin-georgescu\/"},"modified":"2024-11-25T14:44:46","modified_gmt":"2024-11-25T14:44:46","slug":"prima-reactie-a-lui-iohannis-dupa-acuzatiile-privind-influentele-externe-in-alegeri-si-in-promovarea-lui-calin-georgescu","status":"publish","type":"post","link":"https:\/\/247stiri.ro\/index.php\/2024\/11\/25\/prima-reactie-a-lui-iohannis-dupa-acuzatiile-privind-influentele-externe-in-alegeri-si-in-promovarea-lui-calin-georgescu\/","title":{"rendered":"Prima reac\u021bie a lui Iohannis dup\u0103 acuza\u021biile privind influen\u021bele externe \u00een alegeri \u0219i \u00een promovarea lui C\u0103lin Georgescu"},"content":{"rendered":"<p>Conform comunicatului, pre\u0219edintele Rom\u00e2niei nu a primit inform\u0103ri oficiale din partea institu\u021biilor statului care s\u0103 indice existen\u021ba unor riscuri legate de influen\u021barea alegerilor preziden\u021biale. De asemenea, administra\u021bia precizeaz\u0103 c\u0103 nu au fost semnalate ingerin\u021be externe sau activit\u0103\u021bi de promovare a vreunui candidat \u00een mod suspect pe platformele sociale.<\/p>\n<p>\u201ePre\u0219edintele Rom\u00e2niei nu a primit inform\u0103ri din partea institu\u021biilor statului cu privire la existen\u021ba unor riscuri de influen\u021bare a alegerilor preziden\u021biale sau cu privire la ingerin\u021be externe \u00een procesul electoral \u0219i nici referitor la un mod de promovare a candidatului men\u021bionat \u00een solicitarea dumneavoastr\u0103 pe anumite re\u021bele de socializare, care s\u0103 ridice suspiciuni&#8221;, se arat\u0103 \u00een comunicat.<\/p>\n<p>Aceast\u0103 reac\u021bie vine pe fondul unor dezbateri intense \u00een spa\u021biul public privind transparen\u021ba procesului electoral \u0219i securitatea alegerilor \u00een contextul utiliz\u0103rii masive a re\u021belelor sociale pentru promovarea candidatului independent C\u0103lin Georgescu, aflat pe prima pozi\u021bie la alegerile preziden\u021biale.<\/p>\n<p><a href=\"https:\/\/www.realitatea.net\/stiri\/actual\/primele-rezultate-oficiale-ale-alegerilor-prezidentiale-cum-au-votat-romanii-date-in-timp-real_6743880b6e1f74571d4e3a12\" target=\"_blank\">Alegeri preziden\u021biale 2024 &#8211; rezultate FINALE: Georgescu, pe primul loc. Lasconi, pe locul 2. Num\u0103r\u0103toarea voturilor s-a \u00ceNCHEIAT<\/a><\/p>","protected":false},"excerpt":{"rendered":"<p>Conform comunicatului, pre\u0219edintele Rom\u00e2niei nu a primit inform\u0103ri oficiale din partea institu\u021biilor statului care s\u0103&hellip;<\/p>\n","protected":false},"author":0,"featured_media":10837,"comment_status":"open","ping_status":"open","sticky":false,"template":"","format":"standard","meta":{"footnotes":""},"categories":[2],"tags":[],"class_list":["post-10836","post","type-post","status-publish","format-standard","has-post-thumbnail","hentry","category-actual"],"_links":{"self":[{"href":"https:\/\/247stiri.ro\/index.php\/wp-json\/wp\/v2\/posts\/10836","targetHints":{"allow":["GET"]}}],"collection":[{"href":"https:\/\/247stiri.ro\/index.php\/wp-json\/wp\/v2\/posts"}],"about":[{"href":"https:\/\/247stiri.ro\/index.php\/wp-json\/wp\/v2\/types\/post"}],"replies":[{"embeddable":true,"href":"https:\/\/247stiri.ro\/index.php\/wp-json\/wp\/v2\/comments?post=10836"}],"version-history":[{"count":0,"href":"https:\/\/247stiri.ro\/index.php\/wp-json\/wp\/v2\/posts\/10836\/revisions"}],"wp:featuredmedia":[{"embeddable":true,"href":"https:\/\/247stiri.ro\/index.php\/wp-json\/wp\/v2\/media\/10837"}],"wp:attachment":[{"href":"https:\/\/247stiri.ro\/index.php\/wp-json\/wp\/v2\/media?parent=10836"}],"wp:term":[{"taxonomy":"category","embeddable":true,"href":"https:\/\/247stiri.ro\/index.php\/wp-json\/wp\/v2\/categories?post=10836"},{"taxonomy":"post_tag","embeddable":true,"href":"https:\/\/247stiri.ro\/index.php\/wp-json\/wp\/v2\/tags?post=10836"}],"curies":[{"name":"wp","href":"https:\/\/api.w.org\/{rel}","templated":true}]}}