{"id":10841,"date":"2024-11-25T14:44:46","date_gmt":"2024-11-25T14:44:46","guid":{"rendered":"https:\/\/247stiri.ro\/index.php\/2024\/11\/25\/marcel-ciolacu-dupa-esecul-de-la-prezidentiale-e-vina-mea-aseara-mi-am-depus-demisia-psd-nu-face-contestatie-la-alegeri-nu-mai-candidez-pentru-functii-in-partid\/"},"modified":"2024-11-25T14:44:46","modified_gmt":"2024-11-25T14:44:46","slug":"marcel-ciolacu-dupa-esecul-de-la-prezidentiale-e-vina-mea-aseara-mi-am-depus-demisia-psd-nu-face-contestatie-la-alegeri-nu-mai-candidez-pentru-functii-in-partid","status":"publish","type":"post","link":"https:\/\/247stiri.ro\/index.php\/2024\/11\/25\/marcel-ciolacu-dupa-esecul-de-la-prezidentiale-e-vina-mea-aseara-mi-am-depus-demisia-psd-nu-face-contestatie-la-alegeri-nu-mai-candidez-pentru-functii-in-partid\/","title":{"rendered":"Marcel Ciolacu, dup\u0103 e\u0219ecul de la preziden\u021biale: E vina mea! Asear\u0103 mi-am depus demisia. PSD nu face contesta\u021bie la alegeri. Nu mai candidez pentru func\u021bii \u00een partid"},"content":{"rendered":"<p>Marcel Ciolacu a anun\u021bat, luni, c\u0103 \u0219i-a depus demisia din func\u021bia de pre\u0219edinte al PSD. A spus, \u00eens\u0103, c\u0103 va r\u0103m\u00e2ne al\u0103turi de colegi p\u00e2n\u0103 duminic\u0103, dup\u0103 alegerile parlamentare, ar\u0103t\u00e2nd c\u0103, la viitoarele alegeri, nu va mai candida la alte func\u021bii \u00een interiorul partidului. Deocamdat\u0103, va r\u0103m\u00e2ne \u00een func\u021bia de premier, a mai spus acesta.<\/p>\n<p>La intarea la \u0219edin\u021ba care urmeaz\u0103 s\u0103 aib\u0103 loc la sediul partidului, liderul PSD a fost \u00eent\u00e2mpinat de reporteri, c\u0103rora le-a oferit o serie de declara\u021bii:<\/p>\n<p>&#8222;Partidul Social Democrat nu va face nicio contestatie. Regulile democratiei si importanta acestui tur doi este\u00a0 mult mai mare decat interesele noastre personale.<\/p>\n<p>Eu aseara i-am dat secretatului general demisia. Astazi, la ora 17, am convocat un Consiliu politic national si o sa venim dupa Consiliul politic national si o sa comunicam decizia pe care o sa o luam. In primul rand, nu vorbim despre o acceptare a demisiei, pentru ca demisia este un act unilateral. Deci am incheiat si aceasta discutie.<\/p>\n<p>O sa raman alaturi de colegii mei pana duminica la alegeri. Sunt ferm convins ca, in perioada viitorare, o sa venim si cu un calendar de alegeri in interiorul partidului. La viitoarele alegeri din interiorul Partidului Social Democrat, eu, Marcel Ciolacu nu voi candida la nicio functie&#8221;, a spus Marcel Ciolacu.<\/p>\n<p>Reporter: Ce se intampla cu functia de premier? Mai ramaneti la Guvern?<\/p>\n<p>Marcel Ciolacu: Da, categoric. E o functie pe care o am pana cand se termina alegerile si vine o noua majoritate.<\/p>\n<p>Reporter: Cine o sa vina in locul dumneavoastra la conducerea PSD?<\/p>\n<p>Marcel Ciolacu: Un coleg.<\/p>\n<p>Reporter: A cui considerati ca este vina pentru tot rezultatul alegerilor?<\/p>\n<p>Marcel Ciolacu: A mea!<\/p>\n<p><a title=\"Prima reactie din PSD dupa ce Lasconi l-a depasit oficial pe Ciolacu: Sa vedem urmatoarea finala, noi ne pregatim pentru parlamentare.\" href=\"https:\/\/www.realitatea.net\/stiri\/actual\/prima-reactie-din-psd-dupa-ce-lasconi-la-depasit-oficial-pe-ciolacu-sa-vedem-urmatoarea-finala-noi-ne-pregatim-pentru-parlamentare_67442af046036e32136ccb39\">Prima reac\u021bie din PSD dup\u0103 ce Lasconi l-a dep\u0103\u0219it oficial pe Ciolacu: S\u0103 vedem urm\u0103toarea final\u0103, noi ne preg\u0103tim pentru parlamentare.<\/a><\/p>\n<p>Zvonuri despre demisia lui Marcel Ciolacu de la c\u00e2rma social-democra\u021bilor au circulat pe scena politic\u0103 \u00eenc\u0103 de la aflarea rezultatelor de la alegerile preziden\u021biale de duminic\u0103.<\/p>\n<p>E\u0219ecul liderului PSD este cu at\u00e2t mai ustur\u0103tor cu c\u00e2t asear\u0103, chiar \u0219i dup\u0103 \u00eenchiderea urnelor, se punea doar problema cine va fi al doilea calificat \u00een final\u0103 dintre Costin Georgescu \u0219i Elena Lasconi.<\/p>\n<p>Luni diminea\u021b\u0103, dup\u0103 ce Georgescu s-a plasat clar pe locul 1, Elena Lasconi l-a devansat \u0219i ea pe liderul PSD, care a terminat cursa abia pe locul 3.<\/p>","protected":false},"excerpt":{"rendered":"<p>Marcel Ciolacu a anun\u021bat, luni, c\u0103 \u0219i-a depus demisia din func\u021bia de pre\u0219edinte al PSD.&hellip;<\/p>\n","protected":false},"author":0,"featured_media":10842,"comment_status":"open","ping_status":"open","sticky":false,"template":"","format":"standard","meta":{"footnotes":""},"categories":[2],"tags":[],"class_list":["post-10841","post","type-post","status-publish","format-standard","has-post-thumbnail","hentry","category-actual"],"_links":{"self":[{"href":"https:\/\/247stiri.ro\/index.php\/wp-json\/wp\/v2\/posts\/10841","targetHints":{"allow":["GET"]}}],"collection":[{"href":"https:\/\/247stiri.ro\/index.php\/wp-json\/wp\/v2\/posts"}],"about":[{"href":"https:\/\/247stiri.ro\/index.php\/wp-json\/wp\/v2\/types\/post"}],"replies":[{"embeddable":true,"href":"https:\/\/247stiri.ro\/index.php\/wp-json\/wp\/v2\/comments?post=10841"}],"version-history":[{"count":0,"href":"https:\/\/247stiri.ro\/index.php\/wp-json\/wp\/v2\/posts\/10841\/revisions"}],"wp:featuredmedia":[{"embeddable":true,"href":"https:\/\/247stiri.ro\/index.php\/wp-json\/wp\/v2\/media\/10842"}],"wp:attachment":[{"href":"https:\/\/247stiri.ro\/index.php\/wp-json\/wp\/v2\/media?parent=10841"}],"wp:term":[{"taxonomy":"category","embeddable":true,"href":"https:\/\/247stiri.ro\/index.php\/wp-json\/wp\/v2\/categories?post=10841"},{"taxonomy":"post_tag","embeddable":true,"href":"https:\/\/247stiri.ro\/index.php\/wp-json\/wp\/v2\/tags?post=10841"}],"curies":[{"name":"wp","href":"https:\/\/api.w.org\/{rel}","templated":true}]}}