{"id":10853,"date":"2024-11-25T15:45:30","date_gmt":"2024-11-25T15:45:30","guid":{"rendered":"https:\/\/247stiri.ro\/index.php\/2024\/11\/25\/gabriela-firea-dupa-infrangerea-psd-ului-de-la-prezidentiale-sunt-foarte-multi-oameni-buni-in-partid-care-nu-au-fost-pusi-in-valoare-care-nu-au-fost-consultati\/"},"modified":"2024-11-25T15:45:30","modified_gmt":"2024-11-25T15:45:30","slug":"gabriela-firea-dupa-infrangerea-psd-ului-de-la-prezidentiale-sunt-foarte-multi-oameni-buni-in-partid-care-nu-au-fost-pusi-in-valoare-care-nu-au-fost-consultati","status":"publish","type":"post","link":"https:\/\/247stiri.ro\/index.php\/2024\/11\/25\/gabriela-firea-dupa-infrangerea-psd-ului-de-la-prezidentiale-sunt-foarte-multi-oameni-buni-in-partid-care-nu-au-fost-pusi-in-valoare-care-nu-au-fost-consultati\/","title":{"rendered":"Gabriela Firea, dup\u0103 \u00eenfr\u00e2ngerea PSD-ului de la preziden\u021biale: \u201eSunt foarte mul\u021bi oameni buni \u00een partid care nu au fost pu\u0219i \u00een valoare, care nu au fost consulta\u021bi\u201d"},"content":{"rendered":"<p>\u201eVreau s\u0103 profit de \u00eentrebarea dumneavoastr\u0103 \u0219i s\u0103 le mul\u021bumesc, \u00een primul r\u00e2nd, tuturor rom\u00e2nilor care ne-au votat. Le mul\u021bumesc din suflet \u0219i \u00eei rog s\u0103 vin\u0103 \u0219i duminic\u0103 la vot, \u00een num\u0103r mai mare, pentru a recupera ceea ce am pierdut acum, din p\u0103cate, \u0219i pentru a ajunge la scorul pe care credeam c\u0103-l ob\u021binem \u0219i pe care l-am avut la alegerile locale aproape \u00een toate jude\u021bele \u021b\u0103rii. De asemenea, recuno\u0219tin\u021b\u0103 \u0219i mul\u021bumim tuturor colegilor din \u021bar\u0103, simplii membrii de partid, de asemenea consilieri locali, jude\u021beni, primari, pre\u0219edin\u021bi de consilii jude\u021bene, care au muncit foarte mult \u0219i s-au implicat, dar scorul este cel pe care-l \u0219ti\u021bi \u0219i dumneavoastr\u0103 \u0219i l-a\u021bi v\u0103zut \u0219i \u00eel cunoa\u0219tem cu to\u021bii.<\/p>\n<p>V\u0103 da\u021bi seama, sunt un om care iube\u0219te aceast\u0103 forma\u021biune politic\u0103, chiar \u0219i c\u00e2nd a fost foarte greu am r\u0103mas aici. Fire\u0219te, azi nu este nici despre mine \u0219i nici despre azi, colegii, este doar despre votul rom\u00e2nilor \u0219i despre situa\u021bia \u021b\u0103rii \u0219i despre felul \u00een care va \u0219ti s\u0103 gestioneze Partidul Social-Democrat acest moment, din p\u0103cate, foarte greu. \u0218i-mi doresc ca, \u00een \u0219edin\u021ba pe care o avem acum, s\u0103 fim sinceri, s\u0103 spunem c\u00e2t se poate de deschis ceea ce consider\u0103m c\u0103 nu a mers, s\u0103 lu\u0103m cele mai bune m\u0103suri, astfel \u00eenc\u00e2t, repet, votul de duminic\u0103, m\u0103surile sunt mai multe \u0219i sunt graduale \u0219i este normal s\u0103 vorbim, \u00een primul r\u00e2nd, \u00eentre noi, colegii din cadrul Partidului Social-Democrat, s\u0103 nu ne sp\u0103l\u0103m rufele \u00een familie, \u00een primul r\u00e2nd s\u0103 decidem \u00een interiorul partidului ce avem de f\u0103cut, care sunt m\u0103surile.<\/p>\n<p>Cu siguran\u021b\u0103, dac\u0103 duminic\u0103 nu ar fi fost alegeri, am fi putut s\u0103 discut\u0103m, mai abrupt dac\u0103 vre\u021bi, dar necesar, despre ceea ce s-a \u00eent\u00e2mplat \u0219i m\u0103surile de viitor. Dar av\u00e2nd \u00een vedere c\u0103 duminic\u0103 sunt alegeri, cred c\u0103 trebuie s\u0103 fim foarte mobiliza\u021bi, s\u0103 nu pierdem timpul cu aceste analize \u00een acest moment \u0219i s\u0103 ne recuper\u0103m electoratul, s\u0103 le transmitem rom\u00e2nilor c\u0103 noi suntem cei care am avut cele mai bune guvern\u0103ri \u0219i m\u0103suri bune la guvernare, primarii cei mai competen\u021bi, pre\u0219edin\u021bii de consilii generale, consilii jude\u021bene, cei mai harnici.<\/p>\n<p>\u00centrebat\u0103 dac\u0103 este vina lui Marcel Ciolacu \u00een ceea ce prive\u0219te incertitudinea prezen\u021bei sale \u00een fruntea PSD-ului, Firea nu a dorit s\u0103 comenteze, \u00eentruc\u00e2t orice cuv\u00e2nt negativ la adresa pre\u0219edintelui s-ar \u00eentoarce \u00eempotriva partidului.<\/p>\n<p>Avem suficient timp. Orice cuv\u00e2nt de-al meu negativ la adresa pre\u0219edintelui, candidatului, premierului, s-ar \u00eentoarce \u00eempotriva forma\u021biunii noastre politice \u0219i nu-mi doresc acest lucru, ci dimpotriv\u0103. \u00cemi doresc, \u00eempreun\u0103 cu to\u021bi colegii din \u021bar\u0103, s\u0103 g\u0103sim cea mai bun\u0103 formul\u0103 de organizare a alegerilor de duminic\u0103, de mobilizare a noastr\u0103 a tuturor, astfel \u00eenc\u00e2t s\u0103 putem s\u0103 avem \u00een majoritatea ora\u0219elor scorurile cu care \u0219tiam c\u0103 i-am obi\u0219nuit pe rom\u00e2ni, cu trei \u00een fa\u021b\u0103 peste tot, din perspectiva electoratului.<\/p>\n<p>Am spus \u0219i repet, nu vorbim ast\u0103zi nici despre mine \u0219i nici despre alte persoane din partid. Vorbim doar despre rom\u00e2ni, despre votul lor de duminic\u0103 \u0219i despre ceea ce poate s\u0103 fac\u0103 Partidul Social Democrat s\u0103 se redreseze \u0219i s\u0103 revin\u0103 la procentele pe care le-a avut chiar la locale, adic\u0103 nu cu foarte mult timp \u00een urm\u0103. Cred c\u0103 putem, pentru c\u0103 noi am mai trecut prin astfel de situa\u021bii. Cred c\u0103 sunt resurse, sunt foarte mul\u021bi oameni buni \u00een Partidul Social Democrat care nu au fost pu\u0219i \u00een valoare, care nu au fost consulta\u021bi, care nu au fost \u00eentreba\u021bi, nu vorbesc despre mine.<\/p>\n<p>Sunt mul\u021bi care nu au fost, de asemenea, solicita\u021bi pentru a comunica \u00een aceast\u0103 perioad\u0103. Sunt multe de spus, multe de vorbit, dar, repet, din respect pentru to\u021bi colegii mei din \u021bar\u0103, este normal s\u0103 vorbim \u00eent\u00e2i \u00eentre noi, s\u0103 lu\u0103m deciziile \u0219i, pe urm\u0103, s\u0103 le comunic\u0103m. Nu vreau s\u0103 spun c\u0103 nu trebuie s\u0103 facem nimic \u0219i nu cred c\u0103 trebuie s\u0103 ne am\u0103gim c\u0103 a fost totul lapte \u0219i miere sau c\u0103 totul a fost perfect \u0219i doar online-ul ne-a dobor\u00e2t.<\/p>\n<p>\u00centrebat\u0103 despre cum ar trebui s\u0103 fie noul \u0219ef al PSD, Firea nu a dorit s\u0103 ofere detalii, pun\u00e2nd accent pe alegerile parlamentare care se apropie cu pa\u0219i repezi.<\/p>\n<p>Haide\u021bi s\u0103 vorbim despre ce facem, ce facem p\u00e2n\u0103 duminic\u0103, astfel \u00eenc\u00e2t s\u0103 recuper\u0103m acei rom\u00e2ni care au avut \u00eencredere \u00een noi \u0219i, \u00eentr-un timp foarte scurt, ori i-am dezam\u0103git, ori nu am ajuns la ei cu mesajul potrivit, ori ne-am distan\u021bat, ne-am \u00eenstr\u0103inat.<\/p>\n<p>Putem s\u0103 recuper\u0103m voturile pe care le-am avut la local, inclusiv \u00een Bucure\u0219ti am pierdut acum foarte mult, aproape 30.000 de voturi. Putem s\u0103 recuper\u0103m aceste 30.000 de voturi \u00een aceast\u0103 s\u0103pt\u0103m\u00e2n\u0103. \u0218i eu vreau s\u0103 m\u0103 implic al\u0103turi de to\u021bi colegii mei din \u021bar\u0103.<\/p>\n<p>Asta vreau s\u0103 fac ast\u0103zi. V\u0103 rog s\u0103 nu vorbim despre nume. Este prematur.<\/p>\n<p>S\u0103 se organizeze congresul \u0219i vorbim atunci. Munc\u0103, o mai bun\u0103 comunicare, ascultarea rom\u00e2nilor, a nevoilor lor. Poate c\u0103 nu i-am ascultat suficient sau nu at\u00e2t de bine cum \u0219i-au dorit.<\/p>\n<p>Poate nu am \u00een\u021beles toate temele pe care ni le-au transmis. \u00centotdeauna este loc de mai bine. Vom comunica \u0219i de la om la om \u0219i pe re\u021belele sociale.<\/p>\n<p>Acum discut\u0103m \u0219i cu siguran\u021b\u0103 v\u0103 anun\u021b\u0103m. Mai mul\u021bi.<\/p>\n<p>Avem resurse de cadre foarte importante de oameni buni, competen\u021bi, one\u0219ti, profesioni\u0219ti cu \u0219coli \u00een PSD \u0219i cred c\u0103 trebuie s\u0103 fie pu\u0219i \u00een valoare. Mul\u021bumesc mult!\u201d, a declarat Gabriela Firea.<\/p>","protected":false},"excerpt":{"rendered":"<p>\u201eVreau s\u0103 profit de \u00eentrebarea dumneavoastr\u0103 \u0219i s\u0103 le mul\u021bumesc, \u00een primul r\u00e2nd, tuturor rom\u00e2nilor&hellip;<\/p>\n","protected":false},"author":0,"featured_media":10854,"comment_status":"open","ping_status":"open","sticky":false,"template":"","format":"standard","meta":{"footnotes":""},"categories":[3],"tags":[],"class_list":["post-10853","post","type-post","status-publish","format-standard","has-post-thumbnail","hentry","category-politica"],"_links":{"self":[{"href":"https:\/\/247stiri.ro\/index.php\/wp-json\/wp\/v2\/posts\/10853","targetHints":{"allow":["GET"]}}],"collection":[{"href":"https:\/\/247stiri.ro\/index.php\/wp-json\/wp\/v2\/posts"}],"about":[{"href":"https:\/\/247stiri.ro\/index.php\/wp-json\/wp\/v2\/types\/post"}],"replies":[{"embeddable":true,"href":"https:\/\/247stiri.ro\/index.php\/wp-json\/wp\/v2\/comments?post=10853"}],"version-history":[{"count":0,"href":"https:\/\/247stiri.ro\/index.php\/wp-json\/wp\/v2\/posts\/10853\/revisions"}],"wp:featuredmedia":[{"embeddable":true,"href":"https:\/\/247stiri.ro\/index.php\/wp-json\/wp\/v2\/media\/10854"}],"wp:attachment":[{"href":"https:\/\/247stiri.ro\/index.php\/wp-json\/wp\/v2\/media?parent=10853"}],"wp:term":[{"taxonomy":"category","embeddable":true,"href":"https:\/\/247stiri.ro\/index.php\/wp-json\/wp\/v2\/categories?post=10853"},{"taxonomy":"post_tag","embeddable":true,"href":"https:\/\/247stiri.ro\/index.php\/wp-json\/wp\/v2\/tags?post=10853"}],"curies":[{"name":"wp","href":"https:\/\/api.w.org\/{rel}","templated":true}]}}