{"id":10861,"date":"2024-11-25T15:45:31","date_gmt":"2024-11-25T15:45:31","guid":{"rendered":"https:\/\/247stiri.ro\/index.php\/2024\/11\/25\/sedinta-cruciala-la-psd-greii-partidului-s-au-reunit-de-urgenta-cine-va-prelua-conducerea-dupa-demisia-lui-marcel-ciolacu\/"},"modified":"2024-11-25T15:45:31","modified_gmt":"2024-11-25T15:45:31","slug":"sedinta-cruciala-la-psd-greii-partidului-s-au-reunit-de-urgenta-cine-va-prelua-conducerea-dupa-demisia-lui-marcel-ciolacu","status":"publish","type":"post","link":"https:\/\/247stiri.ro\/index.php\/2024\/11\/25\/sedinta-cruciala-la-psd-greii-partidului-s-au-reunit-de-urgenta-cine-va-prelua-conducerea-dupa-demisia-lui-marcel-ciolacu\/","title":{"rendered":"\u0218edin\u021b\u0103 crucial\u0103 la PSD: Greii partidului s-au reunit de urgen\u021b\u0103. Cine va prelua conducerea dup\u0103 demisia lui Marcel Ciolacu"},"content":{"rendered":"<p>Liderii Partidului Social Democrat (PSD) s-au reunit ast\u0103zi \u00eentr-o \u0219edin\u021b\u0103 a Consiliului Politic Na\u021bional, crucial\u0103 pentru viitorul forma\u021biunii. \u00cent\u00e2lnirea, convocat\u0103 la sediul central al partidului, este menit\u0103 s\u0103 stabileasc\u0103 direc\u021biile strategice \u00een contextul actual \u0219i s\u0103 preg\u0103teasc\u0103 o tranzi\u021bie la nivelul conducerii.<\/p>\n<p>Surse din interiorul partidului sus\u021bin c\u0103 liderul PSD, Marcel Ciolacu, ar putea anun\u021ba o conducere interimar\u0103 \u00een cadrul \u0219edin\u021bei dup\u0103 demisia sa.<\/p>\n<p>\u00cen culise, se vehiculeaz\u0103 deja nume pentru preluarea conducerii. Potrivit unor surse, trei lideri din genera\u021bia t\u00e2n\u0103r\u0103 sunt \u00een discu\u021bie: Victor Negrescu, europarlamentar, Bogdan Ivan, deputat \u0219i Corneliu \u0218tefan, deputat.<\/p>\n<p><a href=\"https:\/\/www.realitatea.net\/stiri\/politica\/gabriela-firea-dupa-infrangerea-psdului-de-la-prezidentiale-sunt-foarte-multi-oameni-buni-in-partidul-social-democrat-care-nu-au-fost-pusi-in-valoare-care-nu-au-fost-consultati_6744944e145338471c7b6002\" target=\"_blank\">Gabriela Firea, dup\u0103 \u00eenfr\u00e2ngerea PSD-ului de la preziden\u021biale: \u201eSunt foarte mul\u021bi oameni buni \u00een Partidul Social Democrat care nu au fost pu\u0219i \u00een valoare, care nu au fost consulta\u021bi\u201d<\/a><\/p>","protected":false},"excerpt":{"rendered":"<p>Liderii Partidului Social Democrat (PSD) s-au reunit ast\u0103zi \u00eentr-o \u0219edin\u021b\u0103 a Consiliului Politic Na\u021bional, crucial\u0103&hellip;<\/p>\n","protected":false},"author":0,"featured_media":10848,"comment_status":"open","ping_status":"open","sticky":false,"template":"","format":"standard","meta":{"footnotes":""},"categories":[2],"tags":[],"class_list":["post-10861","post","type-post","status-publish","format-standard","has-post-thumbnail","hentry","category-actual"],"_links":{"self":[{"href":"https:\/\/247stiri.ro\/index.php\/wp-json\/wp\/v2\/posts\/10861","targetHints":{"allow":["GET"]}}],"collection":[{"href":"https:\/\/247stiri.ro\/index.php\/wp-json\/wp\/v2\/posts"}],"about":[{"href":"https:\/\/247stiri.ro\/index.php\/wp-json\/wp\/v2\/types\/post"}],"replies":[{"embeddable":true,"href":"https:\/\/247stiri.ro\/index.php\/wp-json\/wp\/v2\/comments?post=10861"}],"version-history":[{"count":0,"href":"https:\/\/247stiri.ro\/index.php\/wp-json\/wp\/v2\/posts\/10861\/revisions"}],"wp:featuredmedia":[{"embeddable":true,"href":"https:\/\/247stiri.ro\/index.php\/wp-json\/wp\/v2\/media\/10848"}],"wp:attachment":[{"href":"https:\/\/247stiri.ro\/index.php\/wp-json\/wp\/v2\/media?parent=10861"}],"wp:term":[{"taxonomy":"category","embeddable":true,"href":"https:\/\/247stiri.ro\/index.php\/wp-json\/wp\/v2\/categories?post=10861"},{"taxonomy":"post_tag","embeddable":true,"href":"https:\/\/247stiri.ro\/index.php\/wp-json\/wp\/v2\/tags?post=10861"}],"curies":[{"name":"wp","href":"https:\/\/api.w.org\/{rel}","templated":true}]}}