{"id":10862,"date":"2024-11-25T15:45:31","date_gmt":"2024-11-25T15:45:31","guid":{"rendered":"https:\/\/247stiri.ro\/index.php\/2024\/11\/25\/banii-la-control-de-unde-si-a-finantat-calin-georgescu-campania-o-organizatie-non-profit-cere-aep-sa-verifice-posibila-finantare-nedeclarata\/"},"modified":"2024-11-25T15:45:31","modified_gmt":"2024-11-25T15:45:31","slug":"banii-la-control-de-unde-si-a-finantat-calin-georgescu-campania-o-organizatie-non-profit-cere-aep-sa-verifice-posibila-finantare-nedeclarata","status":"publish","type":"post","link":"https:\/\/247stiri.ro\/index.php\/2024\/11\/25\/banii-la-control-de-unde-si-a-finantat-calin-georgescu-campania-o-organizatie-non-profit-cere-aep-sa-verifice-posibila-finantare-nedeclarata\/","title":{"rendered":"Banii la control! De unde \u0219i-a finan\u021bat C\u0103lin Georgescu campania. O organiza\u021bie non-profit cere AEP s\u0103 verifice posibila finan\u0163are nedeclarat\u0103"},"content":{"rendered":"<p>Organiza\u021bia non-profit Expert Forum a solicitat Autorit\u0103\u0163ii Electorale Permanente s\u0103 fac\u0103 un control pentru a verifica &#8222;posibila finan\u0163are nedeclarat\u0103&#8221; a candidatului independent la alegerile preziden\u0163iale C\u0103lin Georgescu \u015fi s\u0103 constate dac\u0103 s-a \u00eenc\u0103lcat legea.<\/p>\n<p>&#8222;EFOR a analizat datele legate de veniturile \u015fi cheltuielile competitorilor electorali la alegerile preziden\u0163iale, publicate de Autoritatea Electoral\u0103 Permanent\u0103 pe 25 noiembrie. Una dintre concluziile principale este c\u0103 nu au fost declarate venituri \u015fi cheltuieli de c\u0103tre candidatul independent C\u0103lin Georgescu, ceea ce este neverosimil pentru un candidat care ob\u0163ine peste 20% din voturi. \u00cen acest context, solicit\u0103m Autorit\u0103\u0163ii Electorale Permanente s\u0103 realizeze un control pentru a verifica posibila finan\u0163are nedeclarat\u0103 a candidatului \u015fi s\u0103 constate dac\u0103 s-a \u00eenc\u0103lcat legea&#8221;, se arat\u0103 \u00eentr-un comunicat al Expert Forum, transmis, luni, 25 noiembrie.<\/p>\n<p>Expert Forum mai solicit\u0103 ANCOM, \u00een calitate de Digital Services Coordinator, s\u0103 se coordoneze cu Comisia European\u0103 \u015fi s\u0103 cear\u0103 TikTok &#8222;o investiga\u0163ie \u00een acest caz&#8221;.<\/p>\n<p>&#8222;Consider\u0103m c\u0103 se \u00eencadreaz\u0103 \u00een spiritul Digital Services Act \u00een cazul riscurilor sistemice, iar coordonarea rapid\u0103 p\u00e2n\u0103 la turul doi este esen\u0163ial\u0103&#8221;, subliniaz\u0103 sursa citat\u0103.<\/p>","protected":false},"excerpt":{"rendered":"<p>Organiza\u021bia non-profit Expert Forum a solicitat Autorit\u0103\u0163ii Electorale Permanente s\u0103 fac\u0103 un control pentru a&hellip;<\/p>\n","protected":false},"author":0,"featured_media":10850,"comment_status":"open","ping_status":"open","sticky":false,"template":"","format":"standard","meta":{"footnotes":""},"categories":[2],"tags":[],"class_list":["post-10862","post","type-post","status-publish","format-standard","has-post-thumbnail","hentry","category-actual"],"_links":{"self":[{"href":"https:\/\/247stiri.ro\/index.php\/wp-json\/wp\/v2\/posts\/10862","targetHints":{"allow":["GET"]}}],"collection":[{"href":"https:\/\/247stiri.ro\/index.php\/wp-json\/wp\/v2\/posts"}],"about":[{"href":"https:\/\/247stiri.ro\/index.php\/wp-json\/wp\/v2\/types\/post"}],"replies":[{"embeddable":true,"href":"https:\/\/247stiri.ro\/index.php\/wp-json\/wp\/v2\/comments?post=10862"}],"version-history":[{"count":0,"href":"https:\/\/247stiri.ro\/index.php\/wp-json\/wp\/v2\/posts\/10862\/revisions"}],"wp:featuredmedia":[{"embeddable":true,"href":"https:\/\/247stiri.ro\/index.php\/wp-json\/wp\/v2\/media\/10850"}],"wp:attachment":[{"href":"https:\/\/247stiri.ro\/index.php\/wp-json\/wp\/v2\/media?parent=10862"}],"wp:term":[{"taxonomy":"category","embeddable":true,"href":"https:\/\/247stiri.ro\/index.php\/wp-json\/wp\/v2\/categories?post=10862"},{"taxonomy":"post_tag","embeddable":true,"href":"https:\/\/247stiri.ro\/index.php\/wp-json\/wp\/v2\/tags?post=10862"}],"curies":[{"name":"wp","href":"https:\/\/api.w.org\/{rel}","templated":true}]}}