{"id":10876,"date":"2024-11-25T16:45:03","date_gmt":"2024-11-25T16:45:03","guid":{"rendered":"https:\/\/247stiri.ro\/index.php\/2024\/11\/25\/dacian-ciolos-despre-ascensiunea-fulminanta-a-lui-calin-georgescu-a-profitat-de-slabiciunile-lui-simion\/"},"modified":"2024-11-25T16:45:03","modified_gmt":"2024-11-25T16:45:03","slug":"dacian-ciolos-despre-ascensiunea-fulminanta-a-lui-calin-georgescu-a-profitat-de-slabiciunile-lui-simion","status":"publish","type":"post","link":"https:\/\/247stiri.ro\/index.php\/2024\/11\/25\/dacian-ciolos-despre-ascensiunea-fulminanta-a-lui-calin-georgescu-a-profitat-de-slabiciunile-lui-simion\/","title":{"rendered":"Dacian Ciolo\u0219, despre ascensiunea fulminant\u0103 a lui C\u0103lin Georgescu: \u201eA profitat de sl\u0103biciunile lui Simion\u201d"},"content":{"rendered":"<p>\u201eRezultatul scrutinului de ieri reflect\u0103 profunda criz\u0103 de \u00eencredere din societatea noastr\u0103. Lipsa \u00eencrederii \u00eentre cet\u0103\u021beni \u0219i politicieni. Lipsa \u00eencrederii \u00eentre cei care beneficiaz\u0103 de cre\u0219terea economic\u0103 \u0219i cei bloca\u021bi \u00een nenum\u0103ratele pungi de s\u0103r\u0103cie r\u0103sp\u00e2ndite peste tot \u00een \u021bar\u0103, dar \u0219i \u00een diaspora. Este o pr\u0103pastie care s-a ad\u00e2ncit \u00eentre cet\u0103\u021beni \u0219i stat, \u00eentre oameni \u0219i cei care \u00eei reprezint\u0103. Rezultatul este consecin\u021ba direct\u0103 a politicii cinice, clientelare practicate de principalele partide, tot mai f\u0103\u021bi\u0219 \u00een ultima vreme, \u00eentr-o atmosfer\u0103 de impunitate, sub privirea indiferent\u0103 a Pre\u0219edintelui Iohannis\u201d, scrie fostul prim-ministru al Rom\u00e2niei pe re\u021beaua de socializare.<\/p>\n<p>Ciolo\u0219 mai spune c\u0103 oamenii din spatele independentului C\u0103lin Georgescu au exploatat doar faliile sociale create \u00een timp.<\/p>\n<p>\u201eCei din spatele lui Georgescu nu au f\u0103cut dec\u00e2t s\u0103 exploateze abil aceste falii sociale, create de-a lungul anilor. Dar ar fi fost un astfel de scenariu posibil azi \u00een Polonia, \u00een \u021b\u0103rile baltice, in Finlanda? M\u0103 \u00eendoiesc. C\u0103lin Georgescu d\u0103 t\u00e2rcoale politicii rom\u00e2ne\u0219ti de mult\u0103 vreme. Nu e nici nou, nici proasp\u0103t. \u00cenc\u0103 din 2015, \u00een timpul form\u0103rii guvernului tehnocrat, a \u00eencercat, prin diverse canale, s\u0103 dea din coate pentru Ministerul Mediului.<\/p>\n<p>Ads\u00a0<\/p>\n<p>\u00cen final, \u0219i-a g\u0103sit locul \u00een AUR, unde a g\u0103sit teren fertil \u0219i, probabil, acum a profitat de sl\u0103biciunile lui Simion, care a fost l\u0103sat din bra\u021be de tutorii lui pentru c\u0103 nu era suficient de productiv\u201d.<\/p>\n<p>Ciolo\u0219 d\u0103 vina pentru tot ce s-a \u00eent\u00e2mplat la scutinul din 24 noiembrie pe politicienii de v\u00e2rf ai Rom\u00e2niei \u0219i spune c\u0103 ace\u0219tia nu trebuie l\u0103sa\u021bi s\u0103 scape pentru ce au f\u0103cut.<\/p>\n<p>\u201eNu avem voie s\u0103 \u00eei l\u0103s\u0103m s\u0103 scape de responsabilitate arunc\u00e2nd vina doar pe TikTok. Au contribuit \u00een egal\u0103 m\u0103sur\u0103 la acest rezultat \u0219i contraselec\u021bia din interiorul partidelor, izolarea elitelor politice \u00eentre zidurile ridicate cu fonduri publice \u0219i ap\u0103rate de televiziunile de cas\u0103. Campania aceasta a ratat temele relevante din societate, iar partidele \u0219i candida\u021bii au l\u0103sat culoar liber unor personaje sinistre.<\/p>\n<p>Ads\u00a0<\/p>\n<p>Din p\u0103cate, \u0219i o spun cu regret, nu cred c\u0103 partidele politice sau clasa politic\u0103 actual\u0103 sunt capabile s\u0103 rezolve aceast\u0103 criz\u0103 de \u00eencredere care a permis apari\u021bia unui Georgescu ast\u0103zi \u0219i care va deschide u\u0219a pentru alte fenomene similare \u00een viitor. E nevoie de o reform\u0103 profund\u0103 a partidelor politice. Nu \u0219tiu dac\u0103 e \u0219i posibil\u0103. Dar e nevoie de mai mult, de altceva, de un alt mod de a face politic\u0103, transparent, cu onestitate, \u00een interesul cet\u0103\u021benilor\u201d.<\/p>\n<p>\u00cen finalul mesajului, Dacian Ciolo\u0219 asigur\u0103 c\u0103 nu \u00eei va da votul s\u0103u lui C\u0103lin Georgescu.<\/p>\n<p>\u201eEvident c\u0103 o sus\u021bin pe Elena Lasconi \u0219i pentru alegerile din 8 decembrie\u201d, a conchis el.<\/p>","protected":false},"excerpt":{"rendered":"<p>\u201eRezultatul scrutinului de ieri reflect\u0103 profunda criz\u0103 de \u00eencredere din societatea noastr\u0103. Lipsa \u00eencrederii \u00eentre&hellip;<\/p>\n","protected":false},"author":0,"featured_media":10877,"comment_status":"open","ping_status":"open","sticky":false,"template":"","format":"standard","meta":{"footnotes":""},"categories":[3],"tags":[],"class_list":["post-10876","post","type-post","status-publish","format-standard","has-post-thumbnail","hentry","category-politica"],"_links":{"self":[{"href":"https:\/\/247stiri.ro\/index.php\/wp-json\/wp\/v2\/posts\/10876","targetHints":{"allow":["GET"]}}],"collection":[{"href":"https:\/\/247stiri.ro\/index.php\/wp-json\/wp\/v2\/posts"}],"about":[{"href":"https:\/\/247stiri.ro\/index.php\/wp-json\/wp\/v2\/types\/post"}],"replies":[{"embeddable":true,"href":"https:\/\/247stiri.ro\/index.php\/wp-json\/wp\/v2\/comments?post=10876"}],"version-history":[{"count":0,"href":"https:\/\/247stiri.ro\/index.php\/wp-json\/wp\/v2\/posts\/10876\/revisions"}],"wp:featuredmedia":[{"embeddable":true,"href":"https:\/\/247stiri.ro\/index.php\/wp-json\/wp\/v2\/media\/10877"}],"wp:attachment":[{"href":"https:\/\/247stiri.ro\/index.php\/wp-json\/wp\/v2\/media?parent=10876"}],"wp:term":[{"taxonomy":"category","embeddable":true,"href":"https:\/\/247stiri.ro\/index.php\/wp-json\/wp\/v2\/categories?post=10876"},{"taxonomy":"post_tag","embeddable":true,"href":"https:\/\/247stiri.ro\/index.php\/wp-json\/wp\/v2\/tags?post=10876"}],"curies":[{"name":"wp","href":"https:\/\/api.w.org\/{rel}","templated":true}]}}