{"id":10882,"date":"2024-11-25T16:45:04","date_gmt":"2024-11-25T16:45:04","guid":{"rendered":"https:\/\/247stiri.ro\/index.php\/2024\/11\/25\/traian-basescu-calin-georgescu-nu-e-o-solutie-pentru-romania-nu-va-avea-in-mine-un-sustinator-ci-un-adversar\/"},"modified":"2024-11-25T16:45:04","modified_gmt":"2024-11-25T16:45:04","slug":"traian-basescu-calin-georgescu-nu-e-o-solutie-pentru-romania-nu-va-avea-in-mine-un-sustinator-ci-un-adversar","status":"publish","type":"post","link":"https:\/\/247stiri.ro\/index.php\/2024\/11\/25\/traian-basescu-calin-georgescu-nu-e-o-solutie-pentru-romania-nu-va-avea-in-mine-un-sustinator-ci-un-adversar\/","title":{"rendered":"Traian B\u0103sescu: \u201eC\u0103lin Georgescu nu e o solu\u021bie pentru Rom\u00e2nia. Nu va avea \u00een mine un sus\u021bin\u0103tor, ci un adversar\u201d"},"content":{"rendered":"<p>Traian B\u0103sescu spune c\u0103 s-a mai \u00eent\u00e2lnit \u00een via\u021ba lui cu C\u0103lin Georgescu \u0219i a mai auzit de el, dar adaug\u0103 c\u0103 acesta nu va avea un \u201esus\u021bin\u0103tor\u201d \u00een persoana fostului pre\u0219edinte: \u201eC\u0103lin Georgescu nu e o solu\u021bie pentru Rom\u00e2nia. Nu \u00eel voi sus\u021bine. Nu l-am acceptat ca premier \u00een 2010, \u00een Guvernul Boc. (&#8230;) Nu va avea \u00een mine un sus\u021bin\u0103tor, ci un adversar\u201d.<\/p>\n<p>\u201eRom\u00e2nia nu are nevoie de dubii identitare sau de dubii cu privire la cine \u00eei sunt alia\u021bi. Nu are nevoie popula\u021bia Rom\u00e2niei de oameni care se consultau cu Dughin\u201d, a mai spus B\u0103sescu.<\/p>\n<p>Acesta spune c\u0103 Georgescu \u201e\u0219tie carte\u201d, dar problema sa este credin\u021ba lui, care nu are nimic \u00een comun cu \u201ecredin\u021ba modern\u0103\u201d.<\/p>\n<p>C\u0103lin Georgescu este mult peste ceea ce ast\u0103zi poate fi acceptat \u00een Uniunea European\u0103 \u0219i chiar ceea ce putea s\u0103 fie acceptat \u00een perioada interbelic\u0103\u201d, a mai spus B\u0103sescu.<\/p>","protected":false},"excerpt":{"rendered":"<p>Traian B\u0103sescu spune c\u0103 s-a mai \u00eent\u00e2lnit \u00een via\u021ba lui cu C\u0103lin Georgescu \u0219i a&hellip;<\/p>\n","protected":false},"author":0,"featured_media":10883,"comment_status":"open","ping_status":"open","sticky":false,"template":"","format":"standard","meta":{"footnotes":""},"categories":[3],"tags":[],"class_list":["post-10882","post","type-post","status-publish","format-standard","has-post-thumbnail","hentry","category-politica"],"_links":{"self":[{"href":"https:\/\/247stiri.ro\/index.php\/wp-json\/wp\/v2\/posts\/10882","targetHints":{"allow":["GET"]}}],"collection":[{"href":"https:\/\/247stiri.ro\/index.php\/wp-json\/wp\/v2\/posts"}],"about":[{"href":"https:\/\/247stiri.ro\/index.php\/wp-json\/wp\/v2\/types\/post"}],"replies":[{"embeddable":true,"href":"https:\/\/247stiri.ro\/index.php\/wp-json\/wp\/v2\/comments?post=10882"}],"version-history":[{"count":0,"href":"https:\/\/247stiri.ro\/index.php\/wp-json\/wp\/v2\/posts\/10882\/revisions"}],"wp:featuredmedia":[{"embeddable":true,"href":"https:\/\/247stiri.ro\/index.php\/wp-json\/wp\/v2\/media\/10883"}],"wp:attachment":[{"href":"https:\/\/247stiri.ro\/index.php\/wp-json\/wp\/v2\/media?parent=10882"}],"wp:term":[{"taxonomy":"category","embeddable":true,"href":"https:\/\/247stiri.ro\/index.php\/wp-json\/wp\/v2\/categories?post=10882"},{"taxonomy":"post_tag","embeddable":true,"href":"https:\/\/247stiri.ro\/index.php\/wp-json\/wp\/v2\/tags?post=10882"}],"curies":[{"name":"wp","href":"https:\/\/api.w.org\/{rel}","templated":true}]}}