{"id":10917,"date":"2024-11-25T19:44:47","date_gmt":"2024-11-25T19:44:47","guid":{"rendered":"https:\/\/247stiri.ro\/index.php\/2024\/11\/25\/israel-si-hezbollah-foarte-aproape-sa-incheie-un-acord-de-armistitiu-guvernul-se-intruneste-maine\/"},"modified":"2024-11-25T19:44:47","modified_gmt":"2024-11-25T19:44:47","slug":"israel-si-hezbollah-foarte-aproape-sa-incheie-un-acord-de-armistitiu-guvernul-se-intruneste-maine","status":"publish","type":"post","link":"https:\/\/247stiri.ro\/index.php\/2024\/11\/25\/israel-si-hezbollah-foarte-aproape-sa-incheie-un-acord-de-armistitiu-guvernul-se-intruneste-maine\/","title":{"rendered":"Israel \u0219i Hezbollah, foarte aproape s\u0103 \u00eencheie un acord de armisti\u021biu. Guvernul se \u00eentrune\u0219te m\u00e2ine"},"content":{"rendered":"<p>Un alt oficial israelian a declarat aceleia\u015fi agen\u0163ii c\u0103 guvernul condus de premierul Benjamin Netanyahu se va reuni pentru a discuta despre un acord care ar putea fi definitivat \u00een zilele urm\u0103toare.<\/p>\n<p>Site-ul de \u015ftiri american Axios a scris mai devreme c\u0103 Israelul \u015fi Libanul au convenit asupra termenilor unui acord pentru a pune cap\u0103t conflictului dintre armata israelian\u0103 \u015fi gruparea \u015fiit\u0103 pro-iranian\u0103 Hezbollah, care \u00een Liban este de asemenea un partid politic.<\/p>\n<p>Vicepre\u015fedintele parlamentului libanez, Elias Bou Saab, a declarat luni tot pentru Reuters c\u0103 nu au mai r\u0103mas \u201eobstacole serioase\u201d pentru \u00eenceperea implement\u0103rii unui armisti\u0163iu de 60 de zile \u00eentre Israel \u015fi Hezbollah propus de SUA.<\/p>\n<p>SUA au f\u0103cut eforturi pentru un acord de armisti\u0163iu care s\u0103 pun\u0103 cap\u0103t a mai mult de un an de ostilit\u0103\u0163i \u00eentre Hezbollah \u015fi Israel, confrunt\u0103ri care au \u00eenceput odat\u0103 cu r\u0103zboiul din F\u00e2\u015fia Gaza, dar s-au intensificat semnificativ \u00een ultimele dou\u0103 luni, dup\u0103 o opera\u0163iune israelian\u0103 spectaculoas\u0103 prin care au fost detonate de la distan\u0163\u0103 mii de dispozitive de comunica\u0163ii folosite de Hezbollah, urmat\u0103 de bombardamente intense asupra acestei grup\u0103ri \u015fi \u00een final lansarea de asemenea de c\u0103tre Israel a unei opera\u0163iuni militare terestre \u00een sudul Libanului.<\/p>\n<p>Vicepre\u015fedintele parlamentului libanez a precizat c\u0103 propunerea include un termen de 60 de zile pentru ca for\u0163ele israeliene s\u0103 se retrag\u0103 de pe teritoriul libanez, d\u00e2nd timp armatei libaneze s\u0103 se desf\u0103\u015foare \u00een sudul Libanului.<\/p>\n<p>Conform aceluia\u015fi oficial, o problem\u0103 legat\u0103 de cine va monitoriza \u00eencetarea focului a fost solu\u0163ionat\u0103 \u00een ultimele 24 de ore, fiind acceptat\u0103 \u00eenfiin\u0163area unui comitet alc\u0103tuit din cinci \u0163\u0103ri, inclusiv Fran\u0163a, \u015fi prezidat de Statele Unite.<\/p>\n<p>Un oficial libanez \u015fi un diplomat occidental au declarat pentru Reuters c\u0103 SUA au informat oficialii libanezi c\u0103 \u00eencetarea focului ar poate fi anun\u0163at\u0103 cur\u00e2nd.<\/p>\n<p>Diplomatul occidental a mai spus c\u0103 subiecte divergente la negocieri a fost legate de ritmul retragerii Israelului, desf\u0103\u015furarea armatei libaneze \u015fi \u00eentoarcerea libanezilor str\u0103muta\u0163i la casele lor din sudul Libanului.<\/p>","protected":false},"excerpt":{"rendered":"<p>Un alt oficial israelian a declarat aceleia\u015fi agen\u0163ii c\u0103 guvernul condus de premierul Benjamin Netanyahu&hellip;<\/p>\n","protected":false},"author":0,"featured_media":10918,"comment_status":"open","ping_status":"open","sticky":false,"template":"","format":"standard","meta":{"footnotes":""},"categories":[4],"tags":[],"class_list":["post-10917","post","type-post","status-publish","format-standard","has-post-thumbnail","hentry","category-extern"],"_links":{"self":[{"href":"https:\/\/247stiri.ro\/index.php\/wp-json\/wp\/v2\/posts\/10917","targetHints":{"allow":["GET"]}}],"collection":[{"href":"https:\/\/247stiri.ro\/index.php\/wp-json\/wp\/v2\/posts"}],"about":[{"href":"https:\/\/247stiri.ro\/index.php\/wp-json\/wp\/v2\/types\/post"}],"replies":[{"embeddable":true,"href":"https:\/\/247stiri.ro\/index.php\/wp-json\/wp\/v2\/comments?post=10917"}],"version-history":[{"count":0,"href":"https:\/\/247stiri.ro\/index.php\/wp-json\/wp\/v2\/posts\/10917\/revisions"}],"wp:featuredmedia":[{"embeddable":true,"href":"https:\/\/247stiri.ro\/index.php\/wp-json\/wp\/v2\/media\/10918"}],"wp:attachment":[{"href":"https:\/\/247stiri.ro\/index.php\/wp-json\/wp\/v2\/media?parent=10917"}],"wp:term":[{"taxonomy":"category","embeddable":true,"href":"https:\/\/247stiri.ro\/index.php\/wp-json\/wp\/v2\/categories?post=10917"},{"taxonomy":"post_tag","embeddable":true,"href":"https:\/\/247stiri.ro\/index.php\/wp-json\/wp\/v2\/tags?post=10917"}],"curies":[{"name":"wp","href":"https:\/\/api.w.org\/{rel}","templated":true}]}}