{"id":1092,"date":"2024-10-23T07:45:01","date_gmt":"2024-10-23T07:45:01","guid":{"rendered":"https:\/\/247stiri.ro\/index.php\/2024\/10\/23\/ipoteza-soc-in-cazul-asasinatului-cu-bomba-de-la-arad-fiica-lui-ioan-crisan-ar-fi-comandat-uciderea-afaceristului\/"},"modified":"2024-10-23T07:45:01","modified_gmt":"2024-10-23T07:45:01","slug":"ipoteza-soc-in-cazul-asasinatului-cu-bomba-de-la-arad-fiica-lui-ioan-crisan-ar-fi-comandat-uciderea-afaceristului","status":"publish","type":"post","link":"https:\/\/247stiri.ro\/index.php\/2024\/10\/23\/ipoteza-soc-in-cazul-asasinatului-cu-bomba-de-la-arad-fiica-lui-ioan-crisan-ar-fi-comandat-uciderea-afaceristului\/","title":{"rendered":"Ipotez\u0103 \u0219oc \u00een cazul asasinatului cu bomb\u0103 de la Arad: fiica lui Ioan Cri\u0219an ar fi comandat UCIDEREA afaceristului"},"content":{"rendered":"<p>Omul de afaceri Ioan Cri\u015fan, mort \u00een urma exploziei care a avut loc pe 29 mai 2021, \u00een parcarea unui supermarket din Arad, a ars de viu. Primele informa\u0163ii indicau faptul c\u0103 suflul exploziei a dus la moartea omului de afaceri ar\u0103dean, \u00eens\u0103 o filmare primit\u0103 de jurnali\u0219tii de la aradon.ro dovede\u015fte faptul c\u0103 Ioan Cri\u015fan a supravie\u0163uit exploziei, fiind, \u00eens\u0103, ucis de fl\u0103c\u0103rile care au cuprins ma\u015fina. \u00cen imagini se poate vedea la un moment dat cum m\u00e2na lui Ioan Cri\u0219an se mi\u0219c\u0103 cel mai probabil \u00een \u00eencercarea de a sc\u0103pa din fl\u0103c\u0103ri. Se pare c\u0103 \u00a0omul de afaceri \u00eencerca din r\u0103sputeri s\u0103 ias\u0103 din ma\u015fina distrus\u0103 de explozie.<\/p>\n<p><a href=\"https:\/\/www.realitatea.net\/stiri\/justitie\/perchezitii-in-arad-la-3-ani-de-la-moartea-afaceristului-ioan-crisan-mort-dupa-ce-masina-ia-sarit-in-aer-ce-au-aflat-procurorii-despre-atentatul-cu-bomba_6718917f71681549af5b9b22\" target=\"_blank\" rel=\"noopener\">Perchezi\u021bii \u00een Arad, la 3 ani de la decesul afaceristului Ioan Cri\u0219an, mort dup\u0103 ce ma\u0219ina i-a s\u0103rit \u00een aer. Ce au aflat procurorii despre atentatul cu bomb\u0103<\/a><\/p>\n<p>Afaceristul continu\u0103 s\u0103 se zbat\u0103 secunde bune, \u00eencerc\u00e2nd s\u0103 se elibereze de sub scaunul c\u0103zut peste el \u015fi \u00eencerc\u00e2nd s\u0103 ajung\u0103 cu m\u00e2na dreapt\u0103 la m\u00e2nerul portierei din dreapta, spate. Efortul i-a fost, \u00eens\u0103, \u00een zadar.<\/p>\n<p>Bomba care l-a omor\u00e2t pe omul de afaceri din Arad, montat\u0103 sub scaunul \u0219oferului<\/p>\n<p>Bomba care l-a ucis pe Ioan Cri\u0219an, a fost montat\u0103 sub scaunul ma\u0219inii pe care o conducea. \u00cen urma exploziei, balamalele scaunului au fost smulse.<\/p>\n<p>Din primele cercet\u0103ri, scaunul pe care st\u0103tea omul de afaceri Ioan Cri\u015fan, a fost efectiv rupt \u0219i aruncat \u00een plafonul ma\u0219inii.<\/p>\n<p>Celelalte \u0219uruburi \u0219i balamale din ma\u0219in\u0103 au fost g\u0103site la locul lor, arz\u00e2nd doar tapi\u021beria.\u00a0<\/p>\n<p>\u00a0<\/p>\n<p>\u00a0<\/p>","protected":false},"excerpt":{"rendered":"<p>Omul de afaceri Ioan Cri\u015fan, mort \u00een urma exploziei care a avut loc pe 29&hellip;<\/p>\n","protected":false},"author":0,"featured_media":1093,"comment_status":"open","ping_status":"open","sticky":false,"template":"","format":"standard","meta":{"footnotes":""},"categories":[2],"tags":[],"class_list":["post-1092","post","type-post","status-publish","format-standard","has-post-thumbnail","hentry","category-actual"],"_links":{"self":[{"href":"https:\/\/247stiri.ro\/index.php\/wp-json\/wp\/v2\/posts\/1092","targetHints":{"allow":["GET"]}}],"collection":[{"href":"https:\/\/247stiri.ro\/index.php\/wp-json\/wp\/v2\/posts"}],"about":[{"href":"https:\/\/247stiri.ro\/index.php\/wp-json\/wp\/v2\/types\/post"}],"replies":[{"embeddable":true,"href":"https:\/\/247stiri.ro\/index.php\/wp-json\/wp\/v2\/comments?post=1092"}],"version-history":[{"count":0,"href":"https:\/\/247stiri.ro\/index.php\/wp-json\/wp\/v2\/posts\/1092\/revisions"}],"wp:featuredmedia":[{"embeddable":true,"href":"https:\/\/247stiri.ro\/index.php\/wp-json\/wp\/v2\/media\/1093"}],"wp:attachment":[{"href":"https:\/\/247stiri.ro\/index.php\/wp-json\/wp\/v2\/media?parent=1092"}],"wp:term":[{"taxonomy":"category","embeddable":true,"href":"https:\/\/247stiri.ro\/index.php\/wp-json\/wp\/v2\/categories?post=1092"},{"taxonomy":"post_tag","embeddable":true,"href":"https:\/\/247stiri.ro\/index.php\/wp-json\/wp\/v2\/tags?post=1092"}],"curies":[{"name":"wp","href":"https:\/\/api.w.org\/{rel}","templated":true}]}}