{"id":10936,"date":"2024-11-25T20:44:58","date_gmt":"2024-11-25T20:44:58","guid":{"rendered":"https:\/\/247stiri.ro\/index.php\/2024\/11\/25\/catalin-predoiu-pnl-discutii-avansate-cu-directorul-frontex-despre-aderarea-romaniei-la-schengen\/"},"modified":"2024-11-25T20:44:58","modified_gmt":"2024-11-25T20:44:58","slug":"catalin-predoiu-pnl-discutii-avansate-cu-directorul-frontex-despre-aderarea-romaniei-la-schengen","status":"publish","type":"post","link":"https:\/\/247stiri.ro\/index.php\/2024\/11\/25\/catalin-predoiu-pnl-discutii-avansate-cu-directorul-frontex-despre-aderarea-romaniei-la-schengen\/","title":{"rendered":"C\u0103t\u0103lin Predoiu (PNL), discu\u021bii avansate cu directorul Frontex despre aderarea Rom\u00e2niei la Schengen"},"content":{"rendered":"<p>Luni \u015fi mar\u0163i, delega\u0163ia Ministerului Afacerilor Interne, condus\u0103 de ministrul C\u0103t\u0103lin Predoiu, a primit vizita unei delega\u0163ii Frontex, condus\u0103 de directorul executiv Hans Leijtens.<\/p>\n<p>Potrivit MAI, \u00eent\u00e2lnirea celor doi s-a concentrat pe \u00eent\u0103rirea cooper\u0103rii bilaterale pentru gestionarea frontierelor externe \u015fi pe preg\u0103tirile tehnice necesare ader\u0103rii Rom\u00e2niei la Spa\u0163iul Schengen.<\/p>\n<p>\u201eSuccesul \u00een dosarul Schengen presupune nu numai ac\u0163iuni politico-diplomatice, ci \u015fi o \u00eentreag\u0103 gam\u0103 de opera\u0163iuni tehnice pe care le dezvolt\u0103m prin Poli\u0163ia de Frontier\u0103. Este, de asemenea, important\u0103 cooperarea cu FRONTEX \u015fi poli\u0163iile de frontier\u0103 din Bulgaria \u015fi Ungaria, Austria \u015fi Serbia. Schengen presupune o munc\u0103 enorm\u0103 \u00een teren, realizat\u0103 excelent de colegii din MAI, Poli\u0163ia de Frontier\u0103 \u015fi Poli\u0163ia Rom\u00e2n\u0103. Cum am mai spus, desf\u0103\u015fur\u0103m un travaliu permanent pentru protejarea frotnierelor, aceasta a fost \u015fi este baza dosarului Schengen \u015fi a succesului Rom\u00e2niei \u00een acest dosar\u201d, a declarat C\u0103t\u0103lin Predoiu.<\/p>\n<p>De altfel, Rom\u00e2nia contribuie semnificativ la opera\u0163iunile Frontex, cu 16,6% din personalul propriu al Agen\u0163iei care ocup\u0103 locuri frunta\u015fe \u00een misiuni interna\u0163ionale. Av\u00e2nd 119 membri \u00een ac\u0163iuni operative \u015fi 304 angaja\u0163i \u00een corpul permanent, \u0163ara noastr\u0103 se pozi\u0163ioneaz\u0103 printre cei mai activi parteneri ai Frontex. \u00cen cadrul \u00eent\u00e2lnirii, delega\u0163ia rom\u00e2n\u0103 \u015fi-a reafirmat disponibilitatea de a transforma sediul Contingentului 1 Frontex \u00eentr-un birou anten\u0103 \u015fi de a g\u0103zdui programe de preg\u0103tire ale Agen\u0163iei. Reprezentan\u0163ii Frontex au spus c\u0103 Rom\u00e2nia se afl\u0103 printre liderii europeni \u00een ceea ce prive\u015fte implementarea proiectelor de securitate \u015fi au promis sprijinul pentru aderarea complet\u0103 a \u0163\u0103rii noastre la spa\u0163iul Schengen.<\/p>","protected":false},"excerpt":{"rendered":"<p>Luni \u015fi mar\u0163i, delega\u0163ia Ministerului Afacerilor Interne, condus\u0103 de ministrul C\u0103t\u0103lin Predoiu, a primit vizita&hellip;<\/p>\n","protected":false},"author":0,"featured_media":10937,"comment_status":"open","ping_status":"open","sticky":false,"template":"","format":"standard","meta":{"footnotes":""},"categories":[3],"tags":[],"class_list":["post-10936","post","type-post","status-publish","format-standard","has-post-thumbnail","hentry","category-politica"],"_links":{"self":[{"href":"https:\/\/247stiri.ro\/index.php\/wp-json\/wp\/v2\/posts\/10936","targetHints":{"allow":["GET"]}}],"collection":[{"href":"https:\/\/247stiri.ro\/index.php\/wp-json\/wp\/v2\/posts"}],"about":[{"href":"https:\/\/247stiri.ro\/index.php\/wp-json\/wp\/v2\/types\/post"}],"replies":[{"embeddable":true,"href":"https:\/\/247stiri.ro\/index.php\/wp-json\/wp\/v2\/comments?post=10936"}],"version-history":[{"count":0,"href":"https:\/\/247stiri.ro\/index.php\/wp-json\/wp\/v2\/posts\/10936\/revisions"}],"wp:featuredmedia":[{"embeddable":true,"href":"https:\/\/247stiri.ro\/index.php\/wp-json\/wp\/v2\/media\/10937"}],"wp:attachment":[{"href":"https:\/\/247stiri.ro\/index.php\/wp-json\/wp\/v2\/media?parent=10936"}],"wp:term":[{"taxonomy":"category","embeddable":true,"href":"https:\/\/247stiri.ro\/index.php\/wp-json\/wp\/v2\/categories?post=10936"},{"taxonomy":"post_tag","embeddable":true,"href":"https:\/\/247stiri.ro\/index.php\/wp-json\/wp\/v2\/tags?post=10936"}],"curies":[{"name":"wp","href":"https:\/\/api.w.org\/{rel}","templated":true}]}}