{"id":10943,"date":"2024-11-25T21:44:51","date_gmt":"2024-11-25T21:44:51","guid":{"rendered":"https:\/\/247stiri.ro\/index.php\/2024\/11\/25\/dosarul-impotriva-lui-donald-trump-legat-de-violentele-din-2020-ar-putea-fi-retras-ce-au-cerut-procurorii-americani\/"},"modified":"2024-11-25T21:44:51","modified_gmt":"2024-11-25T21:44:51","slug":"dosarul-impotriva-lui-donald-trump-legat-de-violentele-din-2020-ar-putea-fi-retras-ce-au-cerut-procurorii-americani","status":"publish","type":"post","link":"https:\/\/247stiri.ro\/index.php\/2024\/11\/25\/dosarul-impotriva-lui-donald-trump-legat-de-violentele-din-2020-ar-putea-fi-retras-ce-au-cerut-procurorii-americani\/","title":{"rendered":"Dosarul \u00eempotriva lui Donald Trump legat de violen\u021bele din 2020 ar putea fi retras. Ce au cerut procurorii americani"},"content":{"rendered":"<p>Procurorii americani au depus o cerere pentru retragerea acuza\u0163iilor \u00eempotriva lui Donald Trump, legate de presupusa interferen\u0163\u0103 \u00een alegerile preziden\u0163iale din 2020. Solicitarea a fost \u00eenaintat\u0103 de Jack Smith, invoc\u00e2nd o politic\u0103 veche a Departamentului de Justi\u0163ie al SUA care interzice urm\u0103rirea penal\u0103 a pre\u015fedin\u0163ilor \u00een timpul mandatului.<\/p>\n<p>Trump fusese acuzat ini\u0163ial \u00een august 2023 pentru patru infrac\u0163iuni, inclusiv conspira\u0163ie pentru obstruc\u0163ionarea procesului oficial de certificare a rezultatelor \u015fi conspira\u0163ie \u00eempotriva drepturilor. Procesul a fost suspendat timp de mai multe luni, pe fondul argumentelor ap\u0103r\u0103rii c\u0103 un pre\u015fedinte nu poate fi pus sub acuzare.<\/p>\n<p>\u00cen documentele depuse luni, procurorii au argumentat: \u201eConstitu\u0163ia impune ca acest caz s\u0103 fie \u00eenchis \u00eenainte ca inculpatul s\u0103 \u00ee\u015fi \u00eenceap\u0103 mandatul\u201d. Decizia marcheaz\u0103 sf\u00e2r\u015fitul unei \u00eencerc\u0103ri a justi\u0163iei de a-l considera pe Trump responsabil pentru atacul asupra Capitoliului din 6 ianuarie 2021.<\/p>\n<p>Trump, reales recent pre\u015fedinte, a declarat c\u0103 \u00eel va demite pe Smith odat\u0103 cu preluarea mandatului \u00een ianuarie 2025. Dosarul privind interferen\u0163a electoral\u0103 \u015fi cel referitor la documentele clasificate au fost descrise de Trump drept motivate politic.<\/p>\n<p>Retragerea acuza\u0163iilor trebuie aprobat\u0103 de judec\u0103toarea federal\u0103 Tanya Chutkan, decizia final\u0103 fiind \u00eenc\u0103 \u00een a\u015fteptare.<\/p>","protected":false},"excerpt":{"rendered":"<p>Procurorii americani au depus o cerere pentru retragerea acuza\u0163iilor \u00eempotriva lui Donald Trump, legate de&hellip;<\/p>\n","protected":false},"author":0,"featured_media":10944,"comment_status":"open","ping_status":"open","sticky":false,"template":"","format":"standard","meta":{"footnotes":""},"categories":[4],"tags":[],"class_list":["post-10943","post","type-post","status-publish","format-standard","has-post-thumbnail","hentry","category-extern"],"_links":{"self":[{"href":"https:\/\/247stiri.ro\/index.php\/wp-json\/wp\/v2\/posts\/10943","targetHints":{"allow":["GET"]}}],"collection":[{"href":"https:\/\/247stiri.ro\/index.php\/wp-json\/wp\/v2\/posts"}],"about":[{"href":"https:\/\/247stiri.ro\/index.php\/wp-json\/wp\/v2\/types\/post"}],"replies":[{"embeddable":true,"href":"https:\/\/247stiri.ro\/index.php\/wp-json\/wp\/v2\/comments?post=10943"}],"version-history":[{"count":0,"href":"https:\/\/247stiri.ro\/index.php\/wp-json\/wp\/v2\/posts\/10943\/revisions"}],"wp:featuredmedia":[{"embeddable":true,"href":"https:\/\/247stiri.ro\/index.php\/wp-json\/wp\/v2\/media\/10944"}],"wp:attachment":[{"href":"https:\/\/247stiri.ro\/index.php\/wp-json\/wp\/v2\/media?parent=10943"}],"wp:term":[{"taxonomy":"category","embeddable":true,"href":"https:\/\/247stiri.ro\/index.php\/wp-json\/wp\/v2\/categories?post=10943"},{"taxonomy":"post_tag","embeddable":true,"href":"https:\/\/247stiri.ro\/index.php\/wp-json\/wp\/v2\/tags?post=10943"}],"curies":[{"name":"wp","href":"https:\/\/api.w.org\/{rel}","templated":true}]}}