{"id":10952,"date":"2024-11-25T21:44:53","date_gmt":"2024-11-25T21:44:53","guid":{"rendered":"https:\/\/247stiri.ro\/index.php\/2024\/11\/25\/nici-nu-a-inceput-oficial-mandatul-ca-trump-s-ar-putea-confrunta-cu-un-impas-major-boicotul-militarilor\/"},"modified":"2024-11-25T21:44:53","modified_gmt":"2024-11-25T21:44:53","slug":"nici-nu-a-inceput-oficial-mandatul-ca-trump-s-ar-putea-confrunta-cu-un-impas-major-boicotul-militarilor","status":"publish","type":"post","link":"https:\/\/247stiri.ro\/index.php\/2024\/11\/25\/nici-nu-a-inceput-oficial-mandatul-ca-trump-s-ar-putea-confrunta-cu-un-impas-major-boicotul-militarilor\/","title":{"rendered":"Nici nu a \u00eenceput oficial mandatul, c\u0103 Trump s-ar putea confrunta cu un impas major: boicotul militarilor"},"content":{"rendered":"<p>Donald Trump a confirmat, \u00eenc\u0103 o dat\u0103, inten\u021bia sa de a folosi for\u021bele armate americane pentru implementarea unui plan de deport\u0103ri \u00een mas\u0103, un angajament din campania sa electoral\u0103. Totu\u0219i, aceast\u0103 decizie ar putea intra \u00een conflict direct cu legisla\u021bia american\u0103 \u0219i cu tradi\u021biile care limiteaz\u0103 sever implicarea trupelor \u00een aplicarea legii \u00een \u021bar\u0103, scrie Business Insider.<\/p>\n<p>Pe m\u0103sur\u0103 ce administra\u021bia Trump se preg\u0103te\u0219te pentru inaugurare, \u00eentrebarea nu este dac\u0103 pre\u0219edintele ales va folosi armata, ci cum va reu\u0219i s\u0103 dep\u0103\u0219easc\u0103 barajul legal impus de legea Posse Comitatus, care interzice utilizarea trupelor federale pentru ac\u021biuni de aplicare a legii pe teritoriul american. \u00cen acest context, Trump ar putea \u00eencerca s\u0103 mobilizeze Garda Na\u021bional\u0103 sau s\u0103 g\u0103seasc\u0103 metode prin care s\u0103 ocoleasc\u0103 legile existente. \u00cens\u0103 acest lucru ar putea duce la o criz\u0103 politic\u0103 \u0219i legal\u0103 semnificativ\u0103.<\/p>\n<p>\u201eDac\u0103 Trump va folosi Legea Insurec\u021biei din 1807 pentru a \u00eenfrunta Posse Comitatus, ar fi un act extrem, dar nu imposibil\u201d, a declarat Mark Nevitt, expert \u00een drept \u0219i fost consilier al Marinei Americane. Oricum, aceast\u0103 decizie ar fi un precedent rar, cu poten\u021bialul de a provoca o reac\u021bie puternic\u0103 din partea guvernatorilor, oficialilor militari \u0219i, desigur, al opiniei publice.<\/p>\n<p>\u00centr-un interviu acordat recent, purt\u0103toarea de cuv\u00e2nt a echipei de tranzi\u021bie a lui Trump, Karoline Leavitt, a subliniat c\u0103 viitoarea administra\u021bie va depune toate eforturile pentru a implementa cea mai mare opera\u021biune de deportare din istoria SUA. \u201ePoporul american l-a ales din nou pe pre\u0219edintele Trump pentru a-\u0219i pune \u00een aplicare promisiunile. Va organiza fiecare putere federal\u0103 \u0219i de stat necesar\u0103 pentru a asigura acest plan\u201d, a afirmat Leavitt.<\/p>\n<p>Totu\u0219i, legea Posse Comitatus nu interzice complet utilizarea G\u0103rzii Na\u021bionale pentru aplicarea legii interne, cu condi\u021bia ca aceasta s\u0103 r\u0103m\u00e2n\u0103 sub controlul guvernatorilor statelor \u0219i s\u0103 nu fie federalizat\u0103. De asemenea, nu este exclus ca Trump s\u0103 colaboreze cu guvernatori mai prieteno\u0219i pentru a implementa acest plan pe teritoriul lor, dar aceast\u0103 abordare ar putea alimenta diviziunile politice deja existente \u00eentre statele conduse de republicani \u0219i cele conduse de democra\u021bi.<\/p>\n<p>\u00a0<\/p>\n<p>Provoc\u0103rile juridice \u0219i morale ale implic\u0103rii armatei \u00een imigra\u021bie<\/p>\n<p>\u00a0<\/p>\n<p>Fostul avocat al Marinei, Gary Solis, a explicat c\u0103, \u00een cazul \u00een care Trump ar da ordinul de mobilizare a trupelor, fiecare ramur\u0103 a armatei ar analiza legalitatea acestuia. Dou\u0103 scenarii sunt posibile: consilierii legali ai armatei ar putea ajunge la concluzia c\u0103 ordinul este legal, ceea ce ar deschide calea pentru o serie de procese care s\u0103-l opreasc\u0103, sau, dimpotriv\u0103, ar respinge ordinul, l\u0103s\u00e2nd comandan\u021bii locali s\u0103 refuze s\u0103-l aplice.<\/p>\n<p>Mai mult, este posibil ca acelea\u0219i autorit\u0103\u021bi s\u0103 stabileasc\u0103 c\u0103 legile existente nu interzic \u00een mod explicit utilizarea G\u0103rzii Na\u021bionale \u00een scopuri de aplicare a legii interne. Totu\u0219i, \u00een acest caz, unii guvernatori ar putea refuza s\u0103 coopereze, cre\u00e2nd o criz\u0103 de propor\u021bii.<\/p>\n<p>\u201eDac\u0103 pre\u0219edintele Trump va \u00eencerca s\u0103 foloseasc\u0103 aceast\u0103 autoritate \u00een state ro\u0219ii ca Texas sau Wyoming \u0219i va trimite trupe \u00een state albastre ca California, unde guvernatorii nu sunt de acord, ar putea ap\u0103rea un conflict major. \u00centr-o astfel de situa\u021bie, statul respectiv ar putea sus\u021bine c\u0103 acest lucru reprezint\u0103 o \u00eenc\u0103lcare a suveranit\u0103\u021bii sale\u201d, a avertizat Nevitt.<\/p>\n<p>\u00a0<\/p>\n<p>Misiune de for\u021b\u0103? Armata nu e poli\u021bie<\/p>\n<p>\u00a0<\/p>\n<p>Pe l\u00e2ng\u0103 provoc\u0103rile legale, exist\u0103 \u0219i un aspect psihologic \u0219i cultural semnificativ: trupele americane nu sunt formate pentru a ac\u021biona ca for\u021be de poli\u021bie intern\u0103. Istoric, armata a fost preg\u0103tit\u0103 pentru conflicte externe \u0219i pentru protejarea securit\u0103\u021bii na\u021bionale, nu pentru a aplica legi interne. Astfel, dac\u0103 Trump va solicita armatei s\u0103 se implice \u00een misiuni de imigra\u021bie, va trebui s\u0103 se confrunte cu o reac\u021bie puternic\u0103 din partea acestora.<\/p>\n<p>\u201eArmata a fost dintotdeauna v\u0103zut\u0103 ca un protector al \u021b\u0103rii, nu ca un instrument pentru a implementa legile interne. Dac\u0103 for\u021bele armate ar trebui s\u0103 aplice legi de imigra\u021bie, ar exista o ruptur\u0103 major\u0103 \u00een \u00eencrederea pe care publicul o are \u00een armat\u0103\u201d, a afirmat Nevitt.<\/p>\n<p>\u00cen acest context, Trump ar putea \u00eent\u00e2mpina o rezisten\u021b\u0103 nu doar din partea autorit\u0103\u021bilor statale \u0219i federale, ci \u0219i din partea membrilor armatei care, \u00een final, ar trebui s\u0103 aplice legile de imigra\u021bie. Pentru ei, lupta pe c\u00e2mpul de lupt\u0103 poate fi o misiune clar\u0103, dar interven\u021bia \u00een politicul intern ar putea genera o distorsionare a rolului lor \u00een fa\u021ba cet\u0103\u021benilor.<\/p>\n<p>\u00a0<\/p>\n<p>C\u0103i alternative pentru implementarea deport\u0103rilor<\/p>\n<p>\u00a0<\/p>\n<p>Fostul \u201e\u021bar al frontierei\u201d Thomas Homan a sugerat c\u0103 armata ar putea ajuta prin \u201emultiplicarea for\u021bei\u201d, prin \u00eendeplinirea unor sarcini logistice, precum transportul migran\u021bilor sau construc\u021bia de infrastructur\u0103 de deten\u021bie. Totu\u0219i, orice plan ar necesita investi\u021bii masive \u00een centre de deten\u021bie \u0219i \u00een resursele de transport. \u201eDepartamentul Ap\u0103r\u0103rii poate ajuta cu zborurile aeriene, dar personalul militar va fi folosit pentru sarcini care nu sunt legate de aplicarea legii\u201d, a declarat Homan.<\/p>\n<p>\u00cen fa\u021ba unui astfel de plan, \u00eens\u0103, r\u0103m\u00e2ne de v\u0103zut dac\u0103 americanii vor accepta ideea armatei implicate \u00een aplicarea legii interne, iar dac\u0103 acest lucru va avea consecin\u021be pe termen lung asupra percep\u021biei publice a armatei \u0219i asupra viitorului politic al pre\u0219edintelui Trump.<\/p>","protected":false},"excerpt":{"rendered":"<p>Donald Trump a confirmat, \u00eenc\u0103 o dat\u0103, inten\u021bia sa de a folosi for\u021bele armate americane&hellip;<\/p>\n","protected":false},"author":0,"featured_media":10946,"comment_status":"open","ping_status":"open","sticky":false,"template":"","format":"standard","meta":{"footnotes":""},"categories":[2],"tags":[],"class_list":["post-10952","post","type-post","status-publish","format-standard","has-post-thumbnail","hentry","category-actual"],"_links":{"self":[{"href":"https:\/\/247stiri.ro\/index.php\/wp-json\/wp\/v2\/posts\/10952","targetHints":{"allow":["GET"]}}],"collection":[{"href":"https:\/\/247stiri.ro\/index.php\/wp-json\/wp\/v2\/posts"}],"about":[{"href":"https:\/\/247stiri.ro\/index.php\/wp-json\/wp\/v2\/types\/post"}],"replies":[{"embeddable":true,"href":"https:\/\/247stiri.ro\/index.php\/wp-json\/wp\/v2\/comments?post=10952"}],"version-history":[{"count":0,"href":"https:\/\/247stiri.ro\/index.php\/wp-json\/wp\/v2\/posts\/10952\/revisions"}],"wp:featuredmedia":[{"embeddable":true,"href":"https:\/\/247stiri.ro\/index.php\/wp-json\/wp\/v2\/media\/10946"}],"wp:attachment":[{"href":"https:\/\/247stiri.ro\/index.php\/wp-json\/wp\/v2\/media?parent=10952"}],"wp:term":[{"taxonomy":"category","embeddable":true,"href":"https:\/\/247stiri.ro\/index.php\/wp-json\/wp\/v2\/categories?post=10952"},{"taxonomy":"post_tag","embeddable":true,"href":"https:\/\/247stiri.ro\/index.php\/wp-json\/wp\/v2\/tags?post=10952"}],"curies":[{"name":"wp","href":"https:\/\/api.w.org\/{rel}","templated":true}]}}