{"id":10959,"date":"2024-11-25T22:45:04","date_gmt":"2024-11-25T22:45:04","guid":{"rendered":"https:\/\/247stiri.ro\/index.php\/2024\/11\/25\/pnl-ramane-la-guvernare-dupa-validarea-lui-ilie-bolojan-in-fruntea-partidului-nou-plan-de-bataie\/"},"modified":"2024-11-25T22:45:04","modified_gmt":"2024-11-25T22:45:04","slug":"pnl-ramane-la-guvernare-dupa-validarea-lui-ilie-bolojan-in-fruntea-partidului-nou-plan-de-bataie","status":"publish","type":"post","link":"https:\/\/247stiri.ro\/index.php\/2024\/11\/25\/pnl-ramane-la-guvernare-dupa-validarea-lui-ilie-bolojan-in-fruntea-partidului-nou-plan-de-bataie\/","title":{"rendered":"PNL r\u0103m\u00e2ne la guvernare dup\u0103 validarea lui Ilie Bolojan \u00een fruntea partidului. Nou plan de b\u0103taie"},"content":{"rendered":"<p>Conducerea interimar\u0103 a PNL a declarat c\u0103 va lucra la un nou program politic, care s\u0103 r\u0103spund\u0103 mai bine a\u0219tept\u0103rilor cet\u0103\u021benilor \u0219i s\u0103 contribuie la consolidarea rolului partidului \u00een guvernare.<\/p>\n<p>Ilie Bolojan, recunoscut pentru succesul s\u0103u ca administrator local \u0219i lider politic, este v\u0103zut ca o alegere strategic\u0103 pentru a conduce partidul \u00een aceast\u0103 perioad\u0103 dificil\u0103. Cu o reputa\u021bie solid\u0103 pentru eficien\u021ba \u0219i capacitatea sa managerial\u0103, el are sarcina de a restabili unitatea \u00een interiorul PNL \u0219i de a redesena direc\u021bia politic\u0103 a partidului.<\/p>\n<p>\u201e\u00cen urma unui prim tur \u00een care, indiferent de lucrurile neclare, rom\u00e2nii au dat un vot de protest \u00eempotriva lumii politice, \u015fi PNL a \u00eenv\u0103\u0163at aceast\u0103 lec\u0163ie. \u00cen aceast\u0103 situa\u0163ie, conducerea, domnul pre\u015fedinte Ciuc\u0103 , cei patru prim-vicepre\u015fedin\u0163i \u015fi secretarul general au demisionat din func\u0163ie \u015fi am acceptat s\u0103 preiau aceast\u0103 situa\u0163ie \u00een calitate de pre\u015fedinte al PNL, \u00eempreun\u0103 cu colegii pe care i-am propus \u00een cele patru pozi\u0163ii de prim-vicepre\u015fedinte \u015fi \u00een pozi\u0163ia de secretar general: dl primar Emil Boc, Adrian Vestea (secretar general), dl. primar Ciucu de la Sectorul 6, dl. Dan Motreanu, de la PNL Giurgiu,\u00a0 \u015fi Valeriu Iftime, pre\u015fedintele CJ Boto\u015fani, \u00een a\u015fa fel \u00eenc\u00e2t zonele Rom\u00e2niei s\u0103 fie reprezentante,dar \u015fi organiza\u0163iile s\u0103 fie reprezentate&#8221;, a declarat noul lider al PNL.<\/p>\n<p>Nicolae Ciuc\u0103 a demisionat din func\u021bia de pre\u0219edinte PNL, luni, dup\u0103 rezultatele de la preziden\u021biale. Ciuc\u0103 sus\u021bine c\u0103 este con\u0219tient de gre\u0219elile partidului \u0219i c\u0103 a \u00een\u021beles mesajul rom\u00e2nilor dup\u0103 voturile din primul tur.\u00a0<\/p>\n<p><a href=\"https:\/\/www.realitatea.net\/stiri\/actual\/ilie-bolojan-pnl-o-va-sustine-pe-elena-lasconi-fara-niciun-fel-de-negociere_6744d36688db222455086bd2\" target=\"_blank\">Ilie Bolojan: \u201ePNL o va sus\u021bine pe Elena Lasconi f\u0103r\u0103 niciun fel de negociere\u201d<\/a><\/p>","protected":false},"excerpt":{"rendered":"<p>Conducerea interimar\u0103 a PNL a declarat c\u0103 va lucra la un nou program politic, care&hellip;<\/p>\n","protected":false},"author":0,"featured_media":10957,"comment_status":"open","ping_status":"open","sticky":false,"template":"","format":"standard","meta":{"footnotes":""},"categories":[2],"tags":[],"class_list":["post-10959","post","type-post","status-publish","format-standard","has-post-thumbnail","hentry","category-actual"],"_links":{"self":[{"href":"https:\/\/247stiri.ro\/index.php\/wp-json\/wp\/v2\/posts\/10959","targetHints":{"allow":["GET"]}}],"collection":[{"href":"https:\/\/247stiri.ro\/index.php\/wp-json\/wp\/v2\/posts"}],"about":[{"href":"https:\/\/247stiri.ro\/index.php\/wp-json\/wp\/v2\/types\/post"}],"replies":[{"embeddable":true,"href":"https:\/\/247stiri.ro\/index.php\/wp-json\/wp\/v2\/comments?post=10959"}],"version-history":[{"count":0,"href":"https:\/\/247stiri.ro\/index.php\/wp-json\/wp\/v2\/posts\/10959\/revisions"}],"wp:featuredmedia":[{"embeddable":true,"href":"https:\/\/247stiri.ro\/index.php\/wp-json\/wp\/v2\/media\/10957"}],"wp:attachment":[{"href":"https:\/\/247stiri.ro\/index.php\/wp-json\/wp\/v2\/media?parent=10959"}],"wp:term":[{"taxonomy":"category","embeddable":true,"href":"https:\/\/247stiri.ro\/index.php\/wp-json\/wp\/v2\/categories?post=10959"},{"taxonomy":"post_tag","embeddable":true,"href":"https:\/\/247stiri.ro\/index.php\/wp-json\/wp\/v2\/tags?post=10959"}],"curies":[{"name":"wp","href":"https:\/\/api.w.org\/{rel}","templated":true}]}}